{"id":24808,"date":"2026-04-26T00:35:31","date_gmt":"2026-04-26T05:35:31","guid":{"rendered":"http:\/\/web-zac.com\/?p=24808"},"modified":"2026-04-29T00:35:51","modified_gmt":"2026-04-29T05:35:51","slug":"con-juguetes-y-dulces-celebra-miguel-varela-a-la-ninez-de-las-comunidades","status":"publish","type":"post","link":"http:\/\/web-zac.com\/?p=24808","title":{"rendered":"Con juguetes y dulces celebra Miguel Varela a la ni\u00f1ez de las comunidades"},"content":{"rendered":"\n<p> <br><br>Zacatecas, Zacatecas.- Durante un recorrido por las comunidades de la capital, el alcalde Miguel Varela, acompa\u00f1ado de su esposa y presidenta honor\u00edfica del DIF Municipal, Karla Estrada, festejaron a las y los peque\u00f1os del hogar.<br><br>Las ni\u00f1as y los ni\u00f1os disfrutaron de su festejo lleno de sorpresas, bolos, sonrisas y diversi\u00f3n con el show del payaso Tachuel\u00edn.<br><br>Benito Ju\u00e1rez, El Maguey, Cieneguillas, Boquillas, Francisco I. Madero, La Escondida, La Pimienta, Picones, El Orito y las colonias CoreaI y II, fueron algunas de las comunidades en las que se llevaron a cabo los festejos.<br><br>El alcalde Miguel Varela, expres\u00f3 sentirse muy contento por estar presente en cada uno de los festejos para que las ni\u00f1as y los ni\u00f1os pudieran disfrutar. <br><br>\u00abEstos eventos fueron organizados con mucho cari\u00f1o para todos ustedes, para que disfruten de su d\u00eda, la pasen muy bonito y se diviertan\u00bb, se\u00f1al\u00f3.<br><br>Asimismo, agradeci\u00f3 a las y los delegados por contribuir a la organizaci\u00f3n de estos eventos y hacer posible acercarlos hasta su comunidad, \u00abgracias de coraz\u00f3n por recibirnos aqu\u00ed en su comunidad, les deseo un feliz d\u00eda de la ni\u00f1a y el ni\u00f1o a todos\u00bb.<br><br>Por su parte, Karla Estrada dese\u00f3 a las ni\u00f1as y los ni\u00f1os que \u00abpasen un d\u00eda incre\u00edble, felices y muy contentos, disfruten mucho de su d\u00eda\u00bb.<br><br>Finalmente, Mitzia Pel\u00e1ez, directora de DIF capital, enfatiz\u00f3 que con estas acciones, el ayuntamiento de Zacatecas y el DIF Municipal refrendan su compromiso de llevar alegr\u00eda y momentos de sana convivencia a cada rinc\u00f3n de la capital.<\/p>\n","protected":false},"excerpt":{"rendered":"<p>Zacatecas, Zacatecas.- Durante un recorrido por las comunidades de la capital, el alcalde Miguel Varela, acompa\u00f1ado de su esposa y presidenta honor\u00edfica del DIF Municipal, Karla Estrada, festejaron a las y los peque\u00f1os del hogar. Las ni\u00f1as y los ni\u00f1os disfrutaron de su festejo lleno de sorpresas, bolos, sonrisas y diversi\u00f3n con el show del [&hellip;]<\/p>\n","protected":false},"author":3,"featured_media":24807,"comment_status":"open","ping_status":"open","sticky":false,"template":"","format":"standard","meta":{"footnotes":""},"categories":[6,18],"tags":[],"class_list":["post-24808","post","type-post","status-publish","format-standard","has-post-thumbnail","hentry","category-webmunicipios","category-zacatecas"],"jetpack_featured_media_url":"http:\/\/web-zac.com\/wp-content\/uploads\/2026\/04\/image_editor_output_image-360478854-1777440936839.jpg","_links":{"self":[{"href":"http:\/\/web-zac.com\/index.php?rest_route=\/wp\/v2\/posts\/24808","targetHints":{"allow":["GET"]}}],"collection":[{"href":"http:\/\/web-zac.com\/index.php?rest_route=\/wp\/v2\/posts"}],"about":[{"href":"http:\/\/web-zac.com\/index.php?rest_route=\/wp\/v2\/types\/post"}],"author":[{"embeddable":true,"href":"http:\/\/web-zac.com\/index.php?rest_route=\/wp\/v2\/users\/3"}],"replies":[{"embeddable":true,"href":"http:\/\/web-zac.com\/index.php?rest_route=%2Fwp%2Fv2%2Fcomments&post=24808"}],"version-history":[{"count":1,"href":"http:\/\/web-zac.com\/index.php?rest_route=\/wp\/v2\/posts\/24808\/revisions"}],"predecessor-version":[{"id":24809,"href":"http:\/\/web-zac.com\/index.php?rest_route=\/wp\/v2\/posts\/24808\/revisions\/24809"}],"wp:featuredmedia":[{"embeddable":true,"href":"http:\/\/web-zac.com\/index.php?rest_route=\/wp\/v2\/media\/24807"}],"wp:attachment":[{"href":"http:\/\/web-zac.com\/index.php?rest_route=%2Fwp%2Fv2%2Fmedia&parent=24808"}],"wp:term":[{"taxonomy":"category","embeddable":true,"href":"http:\/\/web-zac.com\/index.php?rest_route=%2Fwp%2Fv2%2Fcategories&post=24808"},{"taxonomy":"post_tag","embeddable":true,"href":"http:\/\/web-zac.com\/index.php?rest_route=%2Fwp%2Fv2%2Ftags&post=24808"}],"curies":[{"name":"wp","href":"https:\/\/api.w.org\/{rel}","templated":true}]}}