{"id":24796,"date":"2026-04-24T00:29:10","date_gmt":"2026-04-24T05:29:10","guid":{"rendered":"http:\/\/web-zac.com\/?p=24796"},"modified":"2026-04-29T00:29:29","modified_gmt":"2026-04-29T05:29:29","slug":"miguel-varela-inaugura-el-ii-congreso-internacional-de-cultura-para-la-paz","status":"publish","type":"post","link":"http:\/\/web-zac.com\/?p=24796","title":{"rendered":"Miguel Varela inaugura el II Congreso Internacional de Cultura para la Paz\n<br>"},"content":{"rendered":"\n<p>\n<br>Con la participaci\u00f3n de especialistas nacionales e internacionales, el presidente municipal Miguel Varela Pinedo encabez\u00f3 la inauguraci\u00f3n del II Congreso Internacional de Cultura para la Paz, un espacio de di\u00e1logo y reflexi\u00f3n que re\u00fane a expertos en temas fundamentales para el desarrollo social y humano.\n<br>\n<br>Durante su mensaje, el alcalde dio la bienvenida a representantes provenientes de pa\u00edses como Colombia, Guatemala, Polonia, Espa\u00f1a y Estados Unidos, destacando la importancia de generar puentes de colaboraci\u00f3n internacional en favor de la paz. \u201cEs un placer estar aqu\u00ed con ustedes en este congreso que re\u00fane a grandes expertos en el tema del medio ambiente, la paz, la educaci\u00f3n, las artes, la inclusi\u00f3n social y la salud\u201d, expres\u00f3.\n<br>\n<br>El evento, que tiene como sedes los municipios de Fresnillo y Zacatecas, contempla actividades los d\u00edas 23 y 24 de abril, incluyendo ponencias, exposiciones y encuentros acad\u00e9micos enfocados en combatir problem\u00e1ticas como la discriminaci\u00f3n, la desigualdad social y la violencia.\n<br>\n<br>En su intervenci\u00f3n, Varela Pinedo agradeci\u00f3 la participaci\u00f3n de destacadas personalidades como el doctor Edgar Mart\u00edn Moltalv\u00e1n Arauz, el doctor Jos\u00e9 Manuel Rubalcaba y la doctora Beatriz Mart\u00ednez P\u00e9rez, as\u00ed como representantes del \u00e1mbito de seguridad y cultura, quienes fortalecen el car\u00e1cter multidisciplinario del congreso.\n<br>\n<br>Resalt\u00f3 que este tipo de iniciativas ciudadanas consolidan a Zacatecas como un referente en la promoci\u00f3n de valores de convivencia arm\u00f3nica, impulsando acciones que contribuyen al bienestar colectivo y al desarrollo sostenible.\n<br>\n<br>Como parte del programa, el edil invit\u00f3 a los asistentes a las actividades en la Casa de Cultura, donde se llevar\u00eda a cabo la inauguraci\u00f3n de una exposici\u00f3n art\u00edstica, reafirmando el papel de las expresiones culturales como herramientas para la construcci\u00f3n de paz.\n<br>\n<br>Finalmente el presidente municipal realiz\u00f3 la declaratoria oficial de inauguraci\u00f3n del congreso, reiterando el compromiso de su administraci\u00f3n con la generaci\u00f3n de espacios que promuevan el di\u00e1logo, la inclusi\u00f3n y la transformaci\u00f3n social.<\/p>\n","protected":false},"excerpt":{"rendered":"<p>Con la participaci\u00f3n de especialistas nacionales e internacionales, el presidente municipal Miguel Varela Pinedo encabez\u00f3 la inauguraci\u00f3n del II Congreso Internacional de Cultura para la Paz, un espacio de di\u00e1logo y reflexi\u00f3n que re\u00fane a expertos en temas fundamentales para el desarrollo social y humano. Durante su mensaje, el alcalde dio la bienvenida a representantes [&hellip;]<\/p>\n","protected":false},"author":3,"featured_media":24795,"comment_status":"open","ping_status":"open","sticky":false,"template":"","format":"standard","meta":{"footnotes":""},"categories":[6,18],"tags":[],"class_list":["post-24796","post","type-post","status-publish","format-standard","has-post-thumbnail","hentry","category-webmunicipios","category-zacatecas"],"jetpack_featured_media_url":"http:\/\/web-zac.com\/wp-content\/uploads\/2026\/04\/image_editor_output_image-1810254822-1777440557194.jpg","_links":{"self":[{"href":"http:\/\/web-zac.com\/index.php?rest_route=\/wp\/v2\/posts\/24796","targetHints":{"allow":["GET"]}}],"collection":[{"href":"http:\/\/web-zac.com\/index.php?rest_route=\/wp\/v2\/posts"}],"about":[{"href":"http:\/\/web-zac.com\/index.php?rest_route=\/wp\/v2\/types\/post"}],"author":[{"embeddable":true,"href":"http:\/\/web-zac.com\/index.php?rest_route=\/wp\/v2\/users\/3"}],"replies":[{"embeddable":true,"href":"http:\/\/web-zac.com\/index.php?rest_route=%2Fwp%2Fv2%2Fcomments&post=24796"}],"version-history":[{"count":1,"href":"http:\/\/web-zac.com\/index.php?rest_route=\/wp\/v2\/posts\/24796\/revisions"}],"predecessor-version":[{"id":24797,"href":"http:\/\/web-zac.com\/index.php?rest_route=\/wp\/v2\/posts\/24796\/revisions\/24797"}],"wp:featuredmedia":[{"embeddable":true,"href":"http:\/\/web-zac.com\/index.php?rest_route=\/wp\/v2\/media\/24795"}],"wp:attachment":[{"href":"http:\/\/web-zac.com\/index.php?rest_route=%2Fwp%2Fv2%2Fmedia&parent=24796"}],"wp:term":[{"taxonomy":"category","embeddable":true,"href":"http:\/\/web-zac.com\/index.php?rest_route=%2Fwp%2Fv2%2Fcategories&post=24796"},{"taxonomy":"post_tag","embeddable":true,"href":"http:\/\/web-zac.com\/index.php?rest_route=%2Fwp%2Fv2%2Ftags&post=24796"}],"curies":[{"name":"wp","href":"https:\/\/api.w.org\/{rel}","templated":true}]}}