{"id":24793,"date":"2026-04-23T00:27:39","date_gmt":"2026-04-23T05:27:39","guid":{"rendered":"http:\/\/web-zac.com\/?p=24793"},"modified":"2026-04-29T00:27:53","modified_gmt":"2026-04-29T05:27:53","slug":"capital-de-las-ideas-semana-del-emprendimiento-reunio-a-mas-de-300-jovenes-en-zacatecas-capital","status":"publish","type":"post","link":"http:\/\/web-zac.com\/?p=24793","title":{"rendered":"Capital de las Ideas: Semana del Emprendimiento reuni\u00f3 a m\u00e1s de 300 j\u00f3venes en Zacatecas Capital"},"content":{"rendered":"\n<p>\n<br>\n<br>Con la participaci\u00f3n de m\u00e1s de 300 j\u00f3venes, estudiantes, empresarios, emprendedores y representantes de c\u00e1maras empresariales, el Ayuntamiento de Zacatecas llev\u00f3 a cabo con gran \u00e9xito la \u201cCapital de las Ideas: Semana del Emprendimiento\u201d, una iniciativa impulsada por el presidente municipal, Miguel Varela, orientada a fortalecer el ecosistema emprendedor y generar nuevas oportunidades de desarrollo econ\u00f3mico en la capital.\n<br>\n<br>Este programa se consolid\u00f3 como una estrategia clave para acercar a las y los j\u00f3venes a experiencias reales de emprendimiento, liderazgo e innovaci\u00f3n, promoviendo adem\u00e1s el di\u00e1logo entre los sectores acad\u00e9mico, financiero, empresarial y gubernamental.\n<br>\n<br>Durante la semana se desarrollaron diversas actividades en instituciones educativas de gran relevancia como Tecmilenio, la Universidad de la VeraCruz (UVC), el Centro Universitario del Centro de M\u00e9xico (EDUCEM), el Centro de Estudios Cient\u00edficos y Tecnol\u00f3gicos y la Universidad Interamericana para el Desarrollo (UNID), donde se realizaron foros, paneles y conferencias de alto impacto que fortalecieron la cultura emprendedora en la capital.\n<br>\n<br>El alcalde Miguel Varela destac\u00f3 que impulsar el talento local y generar condiciones favorables para el emprendimiento es una prioridad de su administraci\u00f3n, al representar una v\u00eda efectiva para fortalecer la econom\u00eda, generar empleos y construir un mejor futuro para Zacatecas.\n<br>\n<br>\u201cCreemos en nuestras juventudes, en nuestras mujeres emprendedoras y en quienes todos los d\u00edas apuestan por Zacatecas. Queremos una capital donde las ideas se conviertan en oportunidades reales y donde el gobierno sea un aliado para crecer\u201d, expres\u00f3.\n<br>\n<br>Por su parte, Marco Antonio Salazar Valadez, titular de la Secretar\u00eda de Desarrollo Econ\u00f3mico y Turismo, se\u00f1al\u00f3 que esta Semana del Emprendimiento busca consolidarse como una plataforma permanente de impulso al desarrollo econ\u00f3mico local, conectando a estudiantes con empresarios, generando inspiraci\u00f3n y acercando herramientas pr\u00e1cticas para emprender.<\/p>\n","protected":false},"excerpt":{"rendered":"<p>Con la participaci\u00f3n de m\u00e1s de 300 j\u00f3venes, estudiantes, empresarios, emprendedores y representantes de c\u00e1maras empresariales, el Ayuntamiento de Zacatecas llev\u00f3 a cabo con gran \u00e9xito la \u201cCapital de las Ideas: Semana del Emprendimiento\u201d, una iniciativa impulsada por el presidente municipal, Miguel Varela, orientada a fortalecer el ecosistema emprendedor y generar nuevas oportunidades de desarrollo [&hellip;]<\/p>\n","protected":false},"author":3,"featured_media":24792,"comment_status":"open","ping_status":"open","sticky":false,"template":"","format":"standard","meta":{"footnotes":""},"categories":[6,18],"tags":[],"class_list":["post-24793","post","type-post","status-publish","format-standard","has-post-thumbnail","hentry","category-webmunicipios","category-zacatecas"],"jetpack_featured_media_url":"http:\/\/web-zac.com\/wp-content\/uploads\/2026\/04\/image_editor_output_image710436920-1777440444660.jpg","_links":{"self":[{"href":"http:\/\/web-zac.com\/index.php?rest_route=\/wp\/v2\/posts\/24793","targetHints":{"allow":["GET"]}}],"collection":[{"href":"http:\/\/web-zac.com\/index.php?rest_route=\/wp\/v2\/posts"}],"about":[{"href":"http:\/\/web-zac.com\/index.php?rest_route=\/wp\/v2\/types\/post"}],"author":[{"embeddable":true,"href":"http:\/\/web-zac.com\/index.php?rest_route=\/wp\/v2\/users\/3"}],"replies":[{"embeddable":true,"href":"http:\/\/web-zac.com\/index.php?rest_route=%2Fwp%2Fv2%2Fcomments&post=24793"}],"version-history":[{"count":1,"href":"http:\/\/web-zac.com\/index.php?rest_route=\/wp\/v2\/posts\/24793\/revisions"}],"predecessor-version":[{"id":24794,"href":"http:\/\/web-zac.com\/index.php?rest_route=\/wp\/v2\/posts\/24793\/revisions\/24794"}],"wp:featuredmedia":[{"embeddable":true,"href":"http:\/\/web-zac.com\/index.php?rest_route=\/wp\/v2\/media\/24792"}],"wp:attachment":[{"href":"http:\/\/web-zac.com\/index.php?rest_route=%2Fwp%2Fv2%2Fmedia&parent=24793"}],"wp:term":[{"taxonomy":"category","embeddable":true,"href":"http:\/\/web-zac.com\/index.php?rest_route=%2Fwp%2Fv2%2Fcategories&post=24793"},{"taxonomy":"post_tag","embeddable":true,"href":"http:\/\/web-zac.com\/index.php?rest_route=%2Fwp%2Fv2%2Ftags&post=24793"}],"curies":[{"name":"wp","href":"https:\/\/api.w.org\/{rel}","templated":true}]}}