{"id":24781,"date":"2026-04-18T00:20:53","date_gmt":"2026-04-18T05:20:53","guid":{"rendered":"http:\/\/web-zac.com\/?p=24781"},"modified":"2026-04-29T00:21:24","modified_gmt":"2026-04-29T05:21:24","slug":"miguel-varela-invita-a-funcion-de-lucha-libre-para-celebrar-el-dia-de-la-nina-y-el-nino","status":"publish","type":"post","link":"http:\/\/web-zac.com\/?p=24781","title":{"rendered":"Miguel Varela Invita a funci\u00f3n de lucha libre para celebrar el D\u00eda de la Ni\u00f1a y el Ni\u00f1o"},"content":{"rendered":"\n<p>\n<br>\n<br>El Honorable Ayuntamiento de Zacatecas, en coordinaci\u00f3n con el Sistema DIF Municipal, invita a las familias capitalinas a disfrutar de una emocionante funci\u00f3n de lucha libre con motivo del D\u00eda de la Ni\u00f1a y el Ni\u00f1o, en un ambiente lleno de diversi\u00f3n, convivencia y sano esparcimiento.\n<br>\n<br>El presidente municipal, Miguel Varela, hace la m\u00e1s cordial invitaci\u00f3n para que ni\u00f1as y ni\u00f1os de la capital acudan a este evento especial, dise\u00f1ado para reconocer y celebrar a la infancia zacatecana. Se\u00f1al\u00f3 que este tipo de actividades fortalecen el tejido social y promueven espacios seguros donde las familias pueden convivir y crear momentos inolvidables.\n<br>\n<br>La funci\u00f3n de lucha libre se llevar\u00e1 a cabo el pr\u00f3ximo viernes 24 de abril a partir de las 5:30 de la tarde en la Plazuela Miguel Auza, uno de los espacios m\u00e1s emblem\u00e1ticos del centro hist\u00f3rico de la capital. Se contar\u00e1&nbsp; con la participaci\u00f3n de luchadores que brindar\u00e1n un espect\u00e1culo lleno de energ\u00eda, color y emoci\u00f3n, pensado especialmente para el disfrute de ni\u00f1as, ni\u00f1os y sus familias.\n<br>\n<br>Adem\u00e1s del espect\u00e1culo principal, el evento contar\u00e1 con un ambiente festivo que busca resaltar la importancia de la ni\u00f1ez en la sociedad, fomentando valores como la alegr\u00eda, la uni\u00f3n familiar y la sana recreaci\u00f3n. El Sistema DIF Municipal reafirma con estas acciones su compromiso de impulsar iniciativas que contribuyan al bienestar integral de las y los menores.\n<br>\n<br>Miguel Varela reitera la invitaci\u00f3n a toda la ciudadan\u00eda para sumarse a esta gran celebraci\u00f3n y ser parte de una tarde inolvidable y continuar trabajando para generar espacios de inclusi\u00f3n, cultura y entretenimiento accesible para todas y todos.<\/p>\n","protected":false},"excerpt":{"rendered":"<p>El Honorable Ayuntamiento de Zacatecas, en coordinaci\u00f3n con el Sistema DIF Municipal, invita a las familias capitalinas a disfrutar de una emocionante funci\u00f3n de lucha libre con motivo del D\u00eda de la Ni\u00f1a y el Ni\u00f1o, en un ambiente lleno de diversi\u00f3n, convivencia y sano esparcimiento. El presidente municipal, Miguel Varela, hace la m\u00e1s cordial [&hellip;]<\/p>\n","protected":false},"author":3,"featured_media":24780,"comment_status":"open","ping_status":"open","sticky":false,"template":"","format":"standard","meta":{"footnotes":""},"categories":[6,18],"tags":[],"class_list":["post-24781","post","type-post","status-publish","format-standard","has-post-thumbnail","hentry","category-webmunicipios","category-zacatecas"],"jetpack_featured_media_url":"http:\/\/web-zac.com\/wp-content\/uploads\/2026\/04\/image_editor_output_image1929255414-1777440063063.jpg","_links":{"self":[{"href":"http:\/\/web-zac.com\/index.php?rest_route=\/wp\/v2\/posts\/24781","targetHints":{"allow":["GET"]}}],"collection":[{"href":"http:\/\/web-zac.com\/index.php?rest_route=\/wp\/v2\/posts"}],"about":[{"href":"http:\/\/web-zac.com\/index.php?rest_route=\/wp\/v2\/types\/post"}],"author":[{"embeddable":true,"href":"http:\/\/web-zac.com\/index.php?rest_route=\/wp\/v2\/users\/3"}],"replies":[{"embeddable":true,"href":"http:\/\/web-zac.com\/index.php?rest_route=%2Fwp%2Fv2%2Fcomments&post=24781"}],"version-history":[{"count":1,"href":"http:\/\/web-zac.com\/index.php?rest_route=\/wp\/v2\/posts\/24781\/revisions"}],"predecessor-version":[{"id":24782,"href":"http:\/\/web-zac.com\/index.php?rest_route=\/wp\/v2\/posts\/24781\/revisions\/24782"}],"wp:featuredmedia":[{"embeddable":true,"href":"http:\/\/web-zac.com\/index.php?rest_route=\/wp\/v2\/media\/24780"}],"wp:attachment":[{"href":"http:\/\/web-zac.com\/index.php?rest_route=%2Fwp%2Fv2%2Fmedia&parent=24781"}],"wp:term":[{"taxonomy":"category","embeddable":true,"href":"http:\/\/web-zac.com\/index.php?rest_route=%2Fwp%2Fv2%2Fcategories&post=24781"},{"taxonomy":"post_tag","embeddable":true,"href":"http:\/\/web-zac.com\/index.php?rest_route=%2Fwp%2Fv2%2Ftags&post=24781"}],"curies":[{"name":"wp","href":"https:\/\/api.w.org\/{rel}","templated":true}]}}