{"id":24778,"date":"2026-04-17T00:19:07","date_gmt":"2026-04-17T05:19:07","guid":{"rendered":"http:\/\/web-zac.com\/?p=24778"},"modified":"2026-04-29T00:19:32","modified_gmt":"2026-04-29T05:19:32","slug":"cabildo-de-la-capital-ratifica-su-respaldo-y-confianza-en-la-administracion-de-miguel-varela","status":"publish","type":"post","link":"http:\/\/web-zac.com\/?p=24778","title":{"rendered":"Cabildo de la capital ratifica su respaldo y confianza en la administraci\u00f3n de Miguel Varela"},"content":{"rendered":"\n<p><br><br>&#8211; Avanza Municipio de Zacatecas en rendici\u00f3n de cuentas con aval a la Cuenta P\u00fablica 2025<br><br>\u2022 Cabildo de la capital ratifica nombramiento de Heberto Neblina Vega como Secretario de Tesorer\u00eda y Finanzas.<br><br><br>En sesi\u00f3n de Cabildo, el Ayuntamiento de Zacatecas aprob\u00f3 por mayor\u00eda calificada la Cuenta P\u00fablica correspondiente al ejercicio fiscal 2025, dando cumplimiento a las disposiciones legales en materia de rendici\u00f3n de cuentas y transparencia en el uso de los recursos p\u00fablicos. Este acuerdo refleja el trabajo coordinado entre las distintas \u00e1reas de la administraci\u00f3n municipal para garantizar un manejo responsable y eficiente de las finanzas.<br><br>El Alcalde Miguel Varela se\u00f1al\u00f3 que durante su administraci\u00f3n no ha habido alg\u00fan punto que no se haya aprobado por mayor\u00eda calificada y hoy no fue la excepci\u00f3n. \u00abSe aprob\u00f3 la cuenta p\u00fablica hasta el mes de noviembre y la pr\u00f3xima semana se aprobar\u00e1 la del mes de diciembre del 2025\u00bb para entregar en tiempo y forma este ejercicio, apunt\u00f3 Varela.<br><br>En el mismo marco de la sesi\u00f3n, se llev\u00f3 a cabo la ratificaci\u00f3n de Heberto Neblina Vega como Secretario de Tesorer\u00eda y Finanzas del Ayuntamiento de Zacatecas, reconociendo su desempe\u00f1o y compromiso al frente de esta \u00e1rea estrat\u00e9gica para el desarrollo del municipio. Su continuidad en el cargo permitir\u00e1 dar seguimiento a los proyectos financieros en curso y fortalecer la estabilidad econ\u00f3mica de la administraci\u00f3n.<\/p>\n","protected":false},"excerpt":{"rendered":"<p>&#8211; Avanza Municipio de Zacatecas en rendici\u00f3n de cuentas con aval a la Cuenta P\u00fablica 2025 \u2022 Cabildo de la capital ratifica nombramiento de Heberto Neblina Vega como Secretario de Tesorer\u00eda y Finanzas. En sesi\u00f3n de Cabildo, el Ayuntamiento de Zacatecas aprob\u00f3 por mayor\u00eda calificada la Cuenta P\u00fablica correspondiente al ejercicio fiscal 2025, dando cumplimiento [&hellip;]<\/p>\n","protected":false},"author":3,"featured_media":24777,"comment_status":"open","ping_status":"open","sticky":false,"template":"","format":"standard","meta":{"footnotes":""},"categories":[6,18],"tags":[],"class_list":["post-24778","post","type-post","status-publish","format-standard","has-post-thumbnail","hentry","category-webmunicipios","category-zacatecas"],"jetpack_featured_media_url":"http:\/\/web-zac.com\/wp-content\/uploads\/2026\/04\/image_editor_output_image-1194881029-1777439956607.jpg","_links":{"self":[{"href":"http:\/\/web-zac.com\/index.php?rest_route=\/wp\/v2\/posts\/24778","targetHints":{"allow":["GET"]}}],"collection":[{"href":"http:\/\/web-zac.com\/index.php?rest_route=\/wp\/v2\/posts"}],"about":[{"href":"http:\/\/web-zac.com\/index.php?rest_route=\/wp\/v2\/types\/post"}],"author":[{"embeddable":true,"href":"http:\/\/web-zac.com\/index.php?rest_route=\/wp\/v2\/users\/3"}],"replies":[{"embeddable":true,"href":"http:\/\/web-zac.com\/index.php?rest_route=%2Fwp%2Fv2%2Fcomments&post=24778"}],"version-history":[{"count":1,"href":"http:\/\/web-zac.com\/index.php?rest_route=\/wp\/v2\/posts\/24778\/revisions"}],"predecessor-version":[{"id":24779,"href":"http:\/\/web-zac.com\/index.php?rest_route=\/wp\/v2\/posts\/24778\/revisions\/24779"}],"wp:featuredmedia":[{"embeddable":true,"href":"http:\/\/web-zac.com\/index.php?rest_route=\/wp\/v2\/media\/24777"}],"wp:attachment":[{"href":"http:\/\/web-zac.com\/index.php?rest_route=%2Fwp%2Fv2%2Fmedia&parent=24778"}],"wp:term":[{"taxonomy":"category","embeddable":true,"href":"http:\/\/web-zac.com\/index.php?rest_route=%2Fwp%2Fv2%2Fcategories&post=24778"},{"taxonomy":"post_tag","embeddable":true,"href":"http:\/\/web-zac.com\/index.php?rest_route=%2Fwp%2Fv2%2Ftags&post=24778"}],"curies":[{"name":"wp","href":"https:\/\/api.w.org\/{rel}","templated":true}]}}