{"id":24763,"date":"2026-04-15T00:11:55","date_gmt":"2026-04-15T05:11:55","guid":{"rendered":"http:\/\/web-zac.com\/?p=24763"},"modified":"2026-04-29T00:12:12","modified_gmt":"2026-04-29T05:12:12","slug":"arranca-en-zacatecas-capital-de-las-ideas-plataforma-para-emprendedores","status":"publish","type":"post","link":"http:\/\/web-zac.com\/?p=24763","title":{"rendered":"Arranca en Zacatecas \u201cCapital de las Ideas\u201d, plataforma para emprendedores"},"content":{"rendered":"\n<p>\n<br>\n<br>Con el objetivo de impulsar el talento local y fortalecer el ecosistema emprendedor, el presidente municipal de Zacatecas, Miguel Varela, inaugur\u00f3 la \u201cCapital de las Ideas: Semana del Emprendimiento\u201d, un espacio dise\u00f1ado para promover la innovaci\u00f3n, el desarrollo de ideas y la generaci\u00f3n de nuevos negocios en la capital.\n<br>\n<br>Durante esta semana se desarrollar\u00e1n paneles y conferencias en distintas instituciones educativas como el Tecmilenio Campus Zacatecas, la Universidad de la Vera-Cruz y la Universidad Interamericana para el Desarrollo (UNID), abordando diversas tem\u00e1ticas orientadas a fomentar una cultura empresarial y brindar herramientas a quienes buscan iniciar o consolidar un proyecto.\n<br>\n<br>El arranque de actividades tuvo lugar en Tecmilenio Campus Zacatecas, donde Jos\u00e9 Luis Sosa, director general de la instituci\u00f3n, encabez\u00f3 el primer panel empresarial previo al acto inaugural. En este marco, el titular de Fomento Econ\u00f3mico, Marco Antonio Salazar Valadez, dio la bienvenida destacando el papel fundamental de las y los emprendedores en la econom\u00eda local, al transformar ideas en proyectos productivos y generar oportunidades en beneficio de la comunidad.\n<br>\n<br>Por su parte Manuel Castillo Romero, Director General de Innovaci\u00f3n y Desarrollo Econ\u00f3mico Sustentable, agradeci\u00f3 la participaci\u00f3n de c\u00e1maras empresariales, aliados estrat\u00e9gicos y ponentes, subrayando la importancia de la colaboraci\u00f3n para fortalecer el desarrollo econ\u00f3mico de Zacatecas.\n<br>\n<br>En su intervenci\u00f3n, el alcalde Miguel Varela reconoci\u00f3 el esfuerzo y la resiliencia de las y los emprendedores, reiterando el compromiso de su administraci\u00f3n de impulsar acciones concretas que fortalezcan a las micro, peque\u00f1as y medianas empresas como motor del crecimiento econ\u00f3mico local.\n<br>\n<br>Posterior a la inauguraci\u00f3n, se llev\u00f3 a cabo el panel \u201cHecho en Zacatecas Capital: Historias que Inspiran\u201d, con la participaci\u00f3n de emprendedoras y emprendedores como Luc\u00eda Mazzocco, Mary-Carmen de Alba, Andrea Rivera Blanco, Ana Isabel P\u00e9rez y Erwin Alv\u00eddrez, quienes compartieron sus experiencias y los retos superados en la consolidaci\u00f3n de sus proyectos.\n<br>\n<br>Al evento asistieron representantes de organismos empresariales como CANACINTRA, COPARMEX y el Consejo de Desarrollo Econ\u00f3mico del Estado de Zacatecas, as\u00ed como autoridades e integrantes del sector productivo.<\/p>\n","protected":false},"excerpt":{"rendered":"<p>Con el objetivo de impulsar el talento local y fortalecer el ecosistema emprendedor, el presidente municipal de Zacatecas, Miguel Varela, inaugur\u00f3 la \u201cCapital de las Ideas: Semana del Emprendimiento\u201d, un espacio dise\u00f1ado para promover la innovaci\u00f3n, el desarrollo de ideas y la generaci\u00f3n de nuevos negocios en la capital. Durante esta semana se desarrollar\u00e1n paneles [&hellip;]<\/p>\n","protected":false},"author":3,"featured_media":24762,"comment_status":"open","ping_status":"open","sticky":false,"template":"","format":"standard","meta":{"footnotes":""},"categories":[6,18],"tags":[],"class_list":["post-24763","post","type-post","status-publish","format-standard","has-post-thumbnail","hentry","category-webmunicipios","category-zacatecas"],"jetpack_featured_media_url":"http:\/\/web-zac.com\/wp-content\/uploads\/2026\/04\/image_editor_output_image675371031-1777439519421.jpg","_links":{"self":[{"href":"http:\/\/web-zac.com\/index.php?rest_route=\/wp\/v2\/posts\/24763","targetHints":{"allow":["GET"]}}],"collection":[{"href":"http:\/\/web-zac.com\/index.php?rest_route=\/wp\/v2\/posts"}],"about":[{"href":"http:\/\/web-zac.com\/index.php?rest_route=\/wp\/v2\/types\/post"}],"author":[{"embeddable":true,"href":"http:\/\/web-zac.com\/index.php?rest_route=\/wp\/v2\/users\/3"}],"replies":[{"embeddable":true,"href":"http:\/\/web-zac.com\/index.php?rest_route=%2Fwp%2Fv2%2Fcomments&post=24763"}],"version-history":[{"count":1,"href":"http:\/\/web-zac.com\/index.php?rest_route=\/wp\/v2\/posts\/24763\/revisions"}],"predecessor-version":[{"id":24764,"href":"http:\/\/web-zac.com\/index.php?rest_route=\/wp\/v2\/posts\/24763\/revisions\/24764"}],"wp:featuredmedia":[{"embeddable":true,"href":"http:\/\/web-zac.com\/index.php?rest_route=\/wp\/v2\/media\/24762"}],"wp:attachment":[{"href":"http:\/\/web-zac.com\/index.php?rest_route=%2Fwp%2Fv2%2Fmedia&parent=24763"}],"wp:term":[{"taxonomy":"category","embeddable":true,"href":"http:\/\/web-zac.com\/index.php?rest_route=%2Fwp%2Fv2%2Fcategories&post=24763"},{"taxonomy":"post_tag","embeddable":true,"href":"http:\/\/web-zac.com\/index.php?rest_route=%2Fwp%2Fv2%2Ftags&post=24763"}],"curies":[{"name":"wp","href":"https:\/\/api.w.org\/{rel}","templated":true}]}}