{"id":24483,"date":"2026-03-10T22:58:24","date_gmt":"2026-03-11T04:58:24","guid":{"rendered":"http:\/\/web-zac.com\/?p=24483"},"modified":"2026-03-10T22:58:50","modified_gmt":"2026-03-11T04:58:50","slug":"con-reparacion-de-70-de-sus-carreteras-gobernador-david-monreal-lleva-progreso-al-municipio-de-fresnillo","status":"publish","type":"post","link":"http:\/\/web-zac.com\/?p=24483","title":{"rendered":"Con reparaci\u00f3n de 70% de sus carreteras, Gobernador David Monreal lleva progreso al municipio de Fresnillo"},"content":{"rendered":"\n<p><br><br>\u25aa\ufe0fEl mandatario estatal entrega la rehabilitaci\u00f3n del tramo San Jos\u00e9 de Lourdes-entronque con la v\u00eda Zacatecas-Durango<br>\u25aa\ufe0fReafirma su compromiso de rescatar al 100% las vialidades de El Mineral de Fresnillo<br><br>San Jos\u00e9 de Lourdes, Fresnillo, Zac., 10 de marzo de 2026.- En el marco del A\u00f1o del Progreso 2026, el Gobernador David Monreal \u00c1vila dio a conocer que su administraci\u00f3n ha logrado avanzar en la rehabilitaci\u00f3n de cerca del 70 por ciento de la red carretera del municipio de Fresnillo, como parte del Programa Estatal de Rescate Carretero para mejorar la conectividad, la seguridad vial, el bienestar y el progreso en las comunidades rurales.<br><br>Durante la entrega del tramo carretero San Jos\u00e9 de Lourdes-entronque con la carretera Zacatecas-Durango, el mandatario estatal reafirm\u00f3 su compromiso de continuar con la rehabilitaci\u00f3n de las v\u00edas en la regi\u00f3n hasta alcanzar el 100 por ciento de cobertura, ya que, dijo, las carreteras son fundamentales para lograr el desarrollo social y econ\u00f3mico de las localidades.<br><br>Acompa\u00f1ado por la Secretaria de Obras P\u00fablicas, Karla Mildret Montes Inch\u00e1urregui, as\u00ed como por funcionarios estatales y habitantes de la regi\u00f3n, el Gobernador David Monreal destac\u00f3 que ya se han intervenido diversos tramos en comunidades como El Mezquite, Chichimequillas y Santa Ana, y adelant\u00f3 que continuar\u00e1n los trabajos desde Montemariana hasta el entronque carretero, con el objetivo de dejar las vialidades \u201cde primera\u201d.<br><br>Subray\u00f3 que estas acciones forman parte de un movimiento que busca justicia social para las comunidades rurales, y record\u00f3 el respaldo que hist\u00f3ricamente le ha brindado la poblaci\u00f3n de Fresnillo, por lo que reiter\u00f3 que su administraci\u00f3n trabaja para que las familias rurales vivan con dignidad y cuenten con infraestructura adecuada para su desarrollo.<br><br>En su intervenci\u00f3n, la Secretaria de Obras P\u00fablicas, Karla Mildret&nbsp; Montes Inch\u00e1urregui, explic\u00f3 que el Programa Estatal de Rescate Carretero es una de las principales estrategias impulsadas por el Gobernador David Monreal para mejorar las v\u00edas de comunicaci\u00f3n. <br><br>Al respecto, detall\u00f3 que el tramo rehabilitado comprende casi 6 kil\u00f3metros, en el que se coloc\u00f3 carpeta asf\u00e1ltica de 5 cent\u00edmetros, adem\u00e1s de realizarse trabajos complementarios como limpieza de cunetas, estabilizaci\u00f3n de taludes, renivelaciones y se\u00f1alamiento horizontal.<br><br>Mencion\u00f3 que las carreteras no s\u00f3lo conectan comunidades, sino que tambi\u00e9n representan bienestar y seguridad para la poblaci\u00f3n, ya que una vialidad en mal estado puede convertirse en un riesgo, especialmente en situaciones de emergencia.<br><br>En este evento, el Gobernador David Monreal realiz\u00f3 el corte de list\u00f3n y un recorrido de supervisi\u00f3n del tramo carretero, acompa\u00f1ado tambi\u00e9n por la Secretaria de Desarrollo Social, Benelly Hern\u00e1ndez Ruedas; del secretario de la Funci\u00f3n P\u00fablica, Ernesto Gonz\u00e1lez Romo; y por habitantes de San Jos\u00e9 de Lourdes, quienes reconocieron la importancia de esta obra para mejorar la movilidad, el desarrollo y el progreso de la regi\u00f3n.<br><br>\u2014ooOoo\u2014<\/p>\n","protected":false},"excerpt":{"rendered":"<p>\u25aa\ufe0fEl mandatario estatal entrega la rehabilitaci\u00f3n del tramo San Jos\u00e9 de Lourdes-entronque con la v\u00eda Zacatecas-Durango\u25aa\ufe0fReafirma su compromiso de rescatar al 100% las vialidades de El Mineral de Fresnillo San Jos\u00e9 de Lourdes, Fresnillo, Zac., 10 de marzo de 2026.- En el marco del A\u00f1o del Progreso 2026, el Gobernador David Monreal \u00c1vila dio a [&hellip;]<\/p>\n","protected":false},"author":3,"featured_media":24482,"comment_status":"open","ping_status":"open","sticky":false,"template":"","format":"standard","meta":{"footnotes":""},"categories":[4,22,6],"tags":[],"class_list":["post-24483","post","type-post","status-publish","format-standard","has-post-thumbnail","hentry","category-webgobierno","category-gobierno","category-webmunicipios"],"jetpack_featured_media_url":"http:\/\/web-zac.com\/wp-content\/uploads\/2026\/03\/IMG-20260310-WA0278.jpg","_links":{"self":[{"href":"http:\/\/web-zac.com\/index.php?rest_route=\/wp\/v2\/posts\/24483","targetHints":{"allow":["GET"]}}],"collection":[{"href":"http:\/\/web-zac.com\/index.php?rest_route=\/wp\/v2\/posts"}],"about":[{"href":"http:\/\/web-zac.com\/index.php?rest_route=\/wp\/v2\/types\/post"}],"author":[{"embeddable":true,"href":"http:\/\/web-zac.com\/index.php?rest_route=\/wp\/v2\/users\/3"}],"replies":[{"embeddable":true,"href":"http:\/\/web-zac.com\/index.php?rest_route=%2Fwp%2Fv2%2Fcomments&post=24483"}],"version-history":[{"count":1,"href":"http:\/\/web-zac.com\/index.php?rest_route=\/wp\/v2\/posts\/24483\/revisions"}],"predecessor-version":[{"id":24484,"href":"http:\/\/web-zac.com\/index.php?rest_route=\/wp\/v2\/posts\/24483\/revisions\/24484"}],"wp:featuredmedia":[{"embeddable":true,"href":"http:\/\/web-zac.com\/index.php?rest_route=\/wp\/v2\/media\/24482"}],"wp:attachment":[{"href":"http:\/\/web-zac.com\/index.php?rest_route=%2Fwp%2Fv2%2Fmedia&parent=24483"}],"wp:term":[{"taxonomy":"category","embeddable":true,"href":"http:\/\/web-zac.com\/index.php?rest_route=%2Fwp%2Fv2%2Fcategories&post=24483"},{"taxonomy":"post_tag","embeddable":true,"href":"http:\/\/web-zac.com\/index.php?rest_route=%2Fwp%2Fv2%2Ftags&post=24483"}],"curies":[{"name":"wp","href":"https:\/\/api.w.org\/{rel}","templated":true}]}}