{"id":24451,"date":"2026-03-02T16:33:02","date_gmt":"2026-03-02T22:33:02","guid":{"rendered":"http:\/\/web-zac.com\/?p=24451"},"modified":"2026-03-02T16:33:19","modified_gmt":"2026-03-02T22:33:19","slug":"destaca-gobernador-david-monreal-avila-cooperacion-regional-en-materia-de-seguridad","status":"publish","type":"post","link":"http:\/\/web-zac.com\/?p=24451","title":{"rendered":"Destaca Gobernador David Monreal \u00c1vila cooperaci\u00f3n regional en materia de seguridad"},"content":{"rendered":"\n<p><br><br>\u25aa\ufe0fAsiste el mandatario zacatecano a toma de protesta del Coordinador Territorial Interino de la GN en Guanajuato <br><br>Irapuato, Guanajuato, 2 de marzo de 2026. En el marco del trabajo y cooperaci\u00f3n interinstitucional en los estados de la regi\u00f3n, el Gobernador David Monreal \u00c1vila asisti\u00f3 a la toma de posesi\u00f3n de mando y protesta de bandera del General de Brigada Alfredo Salgado Vargas como coordinador territorial interino de la Guardia Nacional en Guanajuato.<br><br>En las instalaciones de la Decimosegunda Regi\u00f3n Militar, ubicada en Irapuato, el mandatario zacatecano presenci\u00f3 la formalizaci\u00f3n en el cargo del nuevo titular de la Tercera Coordinaci\u00f3n Regional en el acto protocolario encabezado por el General de Divisi\u00f3n de Estado Mayor Guillermo Grise\u00f1o Lobera, comandante de la Guardia Nacional.<br><br>El Gobernador de Zacatecas destac\u00f3 que \u201cla cooperaci\u00f3n entre entidades de la regi\u00f3n es primordial para consolidar una estrategia de seguridad conjunta que nos permita avanzar hacia la pacificaci\u00f3n de nuestros pueblos\u201d. <br><br>Monreal \u00c1vila agradeci\u00f3 tambi\u00e9n a la Gobernadora de Guanajuato, Libia Dennise Garc\u00eda Mu\u00f1oz Ledo, por su atento recibimiento en su bello estado y por la voluntad para fortalecer la coordinaci\u00f3n en seguridad.<br><br>Cabe destacar que Salgado Vargas ha sido comandante de la Novena Zona Militar en Culiac\u00e1n, la 18 Zona Militar en Pachuca y la 42 Zona Militar en Hidalgo del Parral, Chihuahua; as\u00ed como comandante de la Tercera Brigada de Infanter\u00eda Independiente en Ciudad de M\u00e9xico y de la Sexta Brigada de Polic\u00eda Militar en Puebla, adem\u00e1s de coordinador estatal de la Guardia Nacional en el estado de Quer\u00e9taro.<br><br>\u2014ooOoo\u2014<\/p>\n","protected":false},"excerpt":{"rendered":"<p>\u25aa\ufe0fAsiste el mandatario zacatecano a toma de protesta del Coordinador Territorial Interino de la GN en Guanajuato Irapuato, Guanajuato, 2 de marzo de 2026. En el marco del trabajo y cooperaci\u00f3n interinstitucional en los estados de la regi\u00f3n, el Gobernador David Monreal \u00c1vila asisti\u00f3 a la toma de posesi\u00f3n de mando y protesta de bandera [&hellip;]<\/p>\n","protected":false},"author":3,"featured_media":24450,"comment_status":"open","ping_status":"open","sticky":false,"template":"","format":"standard","meta":{"footnotes":""},"categories":[4,22,6],"tags":[],"class_list":["post-24451","post","type-post","status-publish","format-standard","has-post-thumbnail","hentry","category-webgobierno","category-gobierno","category-webmunicipios"],"jetpack_featured_media_url":"http:\/\/web-zac.com\/wp-content\/uploads\/2026\/03\/IMG-20260302-WA0151.jpg","_links":{"self":[{"href":"http:\/\/web-zac.com\/index.php?rest_route=\/wp\/v2\/posts\/24451","targetHints":{"allow":["GET"]}}],"collection":[{"href":"http:\/\/web-zac.com\/index.php?rest_route=\/wp\/v2\/posts"}],"about":[{"href":"http:\/\/web-zac.com\/index.php?rest_route=\/wp\/v2\/types\/post"}],"author":[{"embeddable":true,"href":"http:\/\/web-zac.com\/index.php?rest_route=\/wp\/v2\/users\/3"}],"replies":[{"embeddable":true,"href":"http:\/\/web-zac.com\/index.php?rest_route=%2Fwp%2Fv2%2Fcomments&post=24451"}],"version-history":[{"count":1,"href":"http:\/\/web-zac.com\/index.php?rest_route=\/wp\/v2\/posts\/24451\/revisions"}],"predecessor-version":[{"id":24452,"href":"http:\/\/web-zac.com\/index.php?rest_route=\/wp\/v2\/posts\/24451\/revisions\/24452"}],"wp:featuredmedia":[{"embeddable":true,"href":"http:\/\/web-zac.com\/index.php?rest_route=\/wp\/v2\/media\/24450"}],"wp:attachment":[{"href":"http:\/\/web-zac.com\/index.php?rest_route=%2Fwp%2Fv2%2Fmedia&parent=24451"}],"wp:term":[{"taxonomy":"category","embeddable":true,"href":"http:\/\/web-zac.com\/index.php?rest_route=%2Fwp%2Fv2%2Fcategories&post=24451"},{"taxonomy":"post_tag","embeddable":true,"href":"http:\/\/web-zac.com\/index.php?rest_route=%2Fwp%2Fv2%2Ftags&post=24451"}],"curies":[{"name":"wp","href":"https:\/\/api.w.org\/{rel}","templated":true}]}}