{"id":24264,"date":"2026-01-28T10:57:33","date_gmt":"2026-01-28T16:57:33","guid":{"rendered":"http:\/\/web-zac.com\/?p=24264"},"modified":"2026-01-28T10:57:33","modified_gmt":"2026-01-28T16:57:33","slug":"ante-la-problematica-del-sindicato-de-trabajadores-del-tecnologico-de-jerez-upz-y-otros-subsistemas-urge-atencion-real-la-simulacion-no-ayuda-saul-monreal","status":"publish","type":"post","link":"http:\/\/web-zac.com\/?p=24264","title":{"rendered":"\u201cANTE LA PROBLEM\u00c1TICA DEL SINDICATO DE TRABAJADORES DEL TECNOLOGICO DE JEREZ, UPZ Y OTROS SUBSISTEMAS, URGE ATENCION REAL, LA SIMULACION NO AYUDA\u201d: SA\u00daL MONREAL."},"content":{"rendered":"<p>Jerez, Zacatecas. En rueda de prensa celebrada en el municipio de Jerez, el legislador dio a conocer posicionamientos y acciones prioritarias en materia educativa, de seguridad y legislativa, de cara al inicio del periodo ordinario de sesiones del Senado de la Rep\u00fablica el pr\u00f3ximo 1 de febrero.<\/p>\n<p>Llamado urgente a la Secretar\u00eda de Educaci\u00f3n por situaci\u00f3n en el Tecnol\u00f3gico Superior de Jerez. El senador hizo un llamado respetuoso pero firme a la titular de la Secretar\u00eda de Educaci\u00f3n del Estado y a las autoridades correspondientes para que atiendan de inmediato las demandas de docentes y personal administrativo del Tecnol\u00f3gico Superior de Jerez, tras las inconformidades que derivaron en la toma de instalaciones.<\/p>\n<p>Se\u00f1al\u00f3 que ha recibido quejas directas sobre presuntas irregularidades administrativas y trato inadecuado hacia la planta laboral, por lo que exhort\u00f3 a privilegiar el di\u00e1logo, la sensibilidad institucional y la pronta soluci\u00f3n del conflicto.<br \/>\nAsimismo, advirti\u00f3 que problem\u00e1ticas similares se han presentado en otros subsistemas de educaci\u00f3n superior en el estado, por lo que consider\u00f3 indispensable una revisi\u00f3n integral que garantice estabilidad laboral, respeto a los derechos de los trabajadores y continuidad acad\u00e9mica para las y los estudiantes.<\/p>\n<p>\u201cEl desarrollo de Zacatecas no puede construirse con instituciones educativas en conflicto. Se requiere atenci\u00f3n inmediata y voluntad para resolver\u201d, puntualiz\u00f3.<\/p>\n<p>Solicitud de protecci\u00f3n a migrantes durante la Feria de Jerez. Ante el pr\u00f3ximo arribo de paisanos con motivo de la Feria de Jerez, el senador solicit\u00f3 a las corporaciones federales, estatales y municipales reforzar los operativos de vigilancia en carreteras y puntos de ingreso al estado.<\/p>\n<p>Reconoci\u00f3 la aportaci\u00f3n econ\u00f3mica y social de la comunidad migrante, particularmente a trav\u00e9s de las remesas, y expres\u00f3 preocupaci\u00f3n por denuncias relacionadas con presuntas extorsiones y abusos en retenes.<br \/>\nInform\u00f3 que ha sostenido comunicaci\u00f3n con autoridades federales y de la Guardia Nacional para atender esta problem\u00e1tica y reducir pr\u00e1cticas indebidas. Reiter\u00f3 que los migrantes \u201cmerecen respeto, seguridad y un trato digno desde su ingreso al pa\u00eds hasta su llegada a sus comunidades\u201d.<\/p>\n<p>El senador adelant\u00f3 que solicitar\u00e1 atenci\u00f3n especial en la regi\u00f3n de Jerez durante el periodo ferial para garantizar una estancia segura y sin contratiempos.<\/p>\n<p>3. Agenda legislativa para el periodo ordinario<\/p>\n<p>De cara al inicio del periodo ordinario de sesiones, el senador inform\u00f3 que fue uno de los legisladores con mayor productividad en el periodo anterior y que presentar\u00e1 nuevas iniciativas, entre las que destacan es la reforma en materia de inteligencia artificial, con \u00e9nfasis en la protecci\u00f3n de ni\u00f1as, ni\u00f1os y j\u00f3venes frente a delitos como pornograf\u00eda digital, manipulaci\u00f3n de imagen y uso indebido de tecnolog\u00edas.<\/p>\n<p>Creaci\u00f3n y fortalecimiento de centros comunitarios especializados en atenci\u00f3n a enfermedades cr\u00f3nico-degenerativas en menores, ante el incremento de casos de diabetes e hipertensi\u00f3n en poblaci\u00f3n infantil.<br \/>\nFinalmente, reiter\u00f3 su compromiso de mantener comunicaci\u00f3n permanente con la poblaci\u00f3n de Jerez y de todo Zacatecas, as\u00ed como de informar puntualmente sobre el avance de su trabajo legislativo.<\/p>\n","protected":false},"excerpt":{"rendered":"<p>Jerez, Zacatecas. En rueda de prensa celebrada en el municipio de Jerez, el legislador dio a conocer posicionamientos y acciones prioritarias en materia educativa, de seguridad y legislativa, de cara al inicio del periodo ordinario de sesiones del Senado de la Rep\u00fablica el pr\u00f3ximo 1 de febrero. Llamado urgente a la Secretar\u00eda de Educaci\u00f3n por [&hellip;]<\/p>\n","protected":false},"author":3,"featured_media":24265,"comment_status":"open","ping_status":"open","sticky":false,"template":"","format":"standard","meta":{"footnotes":""},"categories":[3],"tags":[],"class_list":["post-24264","post","type-post","status-publish","format-standard","has-post-thumbnail","hentry","category-webpolitica"],"jetpack_featured_media_url":"http:\/\/web-zac.com\/wp-content\/uploads\/2026\/01\/WhatsApp-Image-2026-01-27-at-1.47.10-PM.jpeg","_links":{"self":[{"href":"http:\/\/web-zac.com\/index.php?rest_route=\/wp\/v2\/posts\/24264","targetHints":{"allow":["GET"]}}],"collection":[{"href":"http:\/\/web-zac.com\/index.php?rest_route=\/wp\/v2\/posts"}],"about":[{"href":"http:\/\/web-zac.com\/index.php?rest_route=\/wp\/v2\/types\/post"}],"author":[{"embeddable":true,"href":"http:\/\/web-zac.com\/index.php?rest_route=\/wp\/v2\/users\/3"}],"replies":[{"embeddable":true,"href":"http:\/\/web-zac.com\/index.php?rest_route=%2Fwp%2Fv2%2Fcomments&post=24264"}],"version-history":[{"count":1,"href":"http:\/\/web-zac.com\/index.php?rest_route=\/wp\/v2\/posts\/24264\/revisions"}],"predecessor-version":[{"id":24266,"href":"http:\/\/web-zac.com\/index.php?rest_route=\/wp\/v2\/posts\/24264\/revisions\/24266"}],"wp:featuredmedia":[{"embeddable":true,"href":"http:\/\/web-zac.com\/index.php?rest_route=\/wp\/v2\/media\/24265"}],"wp:attachment":[{"href":"http:\/\/web-zac.com\/index.php?rest_route=%2Fwp%2Fv2%2Fmedia&parent=24264"}],"wp:term":[{"taxonomy":"category","embeddable":true,"href":"http:\/\/web-zac.com\/index.php?rest_route=%2Fwp%2Fv2%2Fcategories&post=24264"},{"taxonomy":"post_tag","embeddable":true,"href":"http:\/\/web-zac.com\/index.php?rest_route=%2Fwp%2Fv2%2Ftags&post=24264"}],"curies":[{"name":"wp","href":"https:\/\/api.w.org\/{rel}","templated":true}]}}