{"id":23995,"date":"2025-11-18T19:42:23","date_gmt":"2025-11-19T01:42:23","guid":{"rendered":"http:\/\/web-zac.com\/?p=23995"},"modified":"2025-11-18T19:42:54","modified_gmt":"2025-11-19T01:42:54","slug":"fortalecera-gobernador-david-monreal-el-programa-corazon-contento-en-2026","status":"publish","type":"post","link":"http:\/\/web-zac.com\/?p=23995","title":{"rendered":"Fortalecer\u00e1 Gobernador David Monreal el Programa Coraz\u00f3n Contento en 2026<br>"},"content":{"rendered":"\n<p><br>\u25aa\ufe0fEl mandatario zacatecano inform\u00f3 que se incrementar\u00e1 el n\u00famero de municipios a donde llega dicho esquema alimentario <br>\u25aa\ufe0fCoraz\u00f3n Contento contribuye al bienestar social en las comunidades del estado, destac\u00f3 el Gobernador&nbsp; <br><br>Las Pilas, Morelos, Zac., 18 de noviembre de 2025.- Al encabezar la Posada de la Paz y el Bienestar en la comunidad Las Pilas, en Morelos, el Gobernador David Monreal \u00c1vila reafirm\u00f3 su compromiso con las familias zacatecanas para fortalecer el programa Coraz\u00f3n Contento en 2026, que ser\u00e1 el a\u00f1o del Progreso, a fin de ampliar la cobertura de los municipios a donde llegan las canastas alimentarias y beneficiar a mayor n\u00famero de familias zacatecanas. <br><br>En su gira por el municipio, donde tambi\u00e9n entreg\u00f3 obras de pavimentaci\u00f3n y un tramo carretero en la comunidad Noria de Gringos, el mandatario enfatiz\u00f3 que todas y todos los ciudadanos tienen derecho al bienestar social, por lo que su Gobierno ha impulsado la entrega de estos apoyos alimentarios, los cuales contribuyen a la econom\u00eda de las familias en los m\u00e1s de 30 municipios que, este 2025, se sumaron al programa peso a peso..<br>Asimismo, reconoci\u00f3 el trabajo de las autoridades locales y de los comit\u00e9s ciudadanos de Coraz\u00f3n Contento por promover acciones de limpieza en sus comunidades. Subray\u00f3 que aunque las integrantes de&nbsp; dichos comit\u00e9s&nbsp; no reciben salario alguno, tienen un gran compromiso para impulsar la organizaci\u00f3n y el mantenimiento de los entornos comunitarios.<br>El Gobernador David Monreal destac\u00f3 que el programa busca que las y los zacatecanos vivan felices y con mayor tranquilidad: en mis recorridos por las comunidades puedo observar que est\u00e1n bonitas, limpias, sin basura; donde las mujeres batallaron al principio, ahora se ve muy diferente, expres\u00f3.<br>Al respecto, llam\u00f3 a las familias zacatecanas a seguir respaldando a las integrantes de los comit\u00e9s, quienes atienden directamente las peticiones de la poblaci\u00f3n para registrarse y acceder a las canastas alimentarias.<br>El Presidente Municipal de Morelos, Sergio V\u00e1zquez Luj\u00e1n, resalt\u00f3 que el mandatario estatal cumple su palabra al fortalecer el bienestar de las familias a trav\u00e9s de las Posadas y la entrega de apoyos alimentarios. <br>Adem\u00e1s, inform\u00f3 que la calle Ram\u00f3n L\u00f3pez Velarde, considerada la obra m\u00e1s importante de Las Pilas y que padeci\u00f3 el abandono durante muchos a\u00f1os, ya fue rehabilitada con el apoyo del Gobernador David Monreal, por lo que adelant\u00f3 que en 2026 se desarrollar\u00e1n acciones en materia de infraestructura hidr\u00e1ulica en coordinaci\u00f3n con el estado. <br><br>-ooOoo-<\/p>\n","protected":false},"excerpt":{"rendered":"<p>\u25aa\ufe0fEl mandatario zacatecano inform\u00f3 que se incrementar\u00e1 el n\u00famero de municipios a donde llega dicho esquema alimentario \u25aa\ufe0fCoraz\u00f3n Contento contribuye al bienestar social en las comunidades del estado, destac\u00f3 el Gobernador&nbsp; Las Pilas, Morelos, Zac., 18 de noviembre de 2025.- Al encabezar la Posada de la Paz y el Bienestar en la comunidad Las Pilas, [&hellip;]<\/p>\n","protected":false},"author":3,"featured_media":23994,"comment_status":"open","ping_status":"open","sticky":false,"template":"","format":"standard","meta":{"footnotes":""},"categories":[4,22,6],"tags":[],"class_list":["post-23995","post","type-post","status-publish","format-standard","has-post-thumbnail","hentry","category-webgobierno","category-gobierno","category-webmunicipios"],"jetpack_featured_media_url":"http:\/\/web-zac.com\/wp-content\/uploads\/2025\/11\/IMG-20251118-WA0081.jpg","_links":{"self":[{"href":"http:\/\/web-zac.com\/index.php?rest_route=\/wp\/v2\/posts\/23995","targetHints":{"allow":["GET"]}}],"collection":[{"href":"http:\/\/web-zac.com\/index.php?rest_route=\/wp\/v2\/posts"}],"about":[{"href":"http:\/\/web-zac.com\/index.php?rest_route=\/wp\/v2\/types\/post"}],"author":[{"embeddable":true,"href":"http:\/\/web-zac.com\/index.php?rest_route=\/wp\/v2\/users\/3"}],"replies":[{"embeddable":true,"href":"http:\/\/web-zac.com\/index.php?rest_route=%2Fwp%2Fv2%2Fcomments&post=23995"}],"version-history":[{"count":1,"href":"http:\/\/web-zac.com\/index.php?rest_route=\/wp\/v2\/posts\/23995\/revisions"}],"predecessor-version":[{"id":23996,"href":"http:\/\/web-zac.com\/index.php?rest_route=\/wp\/v2\/posts\/23995\/revisions\/23996"}],"wp:featuredmedia":[{"embeddable":true,"href":"http:\/\/web-zac.com\/index.php?rest_route=\/wp\/v2\/media\/23994"}],"wp:attachment":[{"href":"http:\/\/web-zac.com\/index.php?rest_route=%2Fwp%2Fv2%2Fmedia&parent=23995"}],"wp:term":[{"taxonomy":"category","embeddable":true,"href":"http:\/\/web-zac.com\/index.php?rest_route=%2Fwp%2Fv2%2Fcategories&post=23995"},{"taxonomy":"post_tag","embeddable":true,"href":"http:\/\/web-zac.com\/index.php?rest_route=%2Fwp%2Fv2%2Ftags&post=23995"}],"curies":[{"name":"wp","href":"https:\/\/api.w.org\/{rel}","templated":true}]}}