{"id":23986,"date":"2025-11-18T19:35:25","date_gmt":"2025-11-19T01:35:25","guid":{"rendered":"http:\/\/web-zac.com\/?p=23986"},"modified":"2025-11-18T19:35:49","modified_gmt":"2025-11-19T01:35:49","slug":"presentan-programa-de-la-feria-estatal-de-la-virgen-en-su-edicion-2025","status":"publish","type":"post","link":"http:\/\/web-zac.com\/?p=23986","title":{"rendered":"Presentan Programa de la Feria Estatal de la Virgen en su edici\u00f3n 2025"},"content":{"rendered":"\n<p><br><br>\u2022\tActividades religiosas, art\u00edsticas, culturales, gastron\u00f3micas y deportivas, se disfrutar\u00e1n del 5 al 14 de diciembre.<br><br>\u2022\t\u201cEsta es una feria patronal, es una feria en honor a nuestra Virgen de Guadalupe\u201d: Pepe Sald\u00edvar.<br><br><br>Un cartel incluyente para todos los gustos fue presentado esta ma\u00f1ana en conferencia de prensa llevada a cabo en el Instituto Municipal de Cultura, ubicado en el emblem\u00e1tico Jard\u00edn Ju\u00e1rez de Guadalupe, donde se dio a conocer el Programa Oficial de la Feria Estatal de la Virgen en su edici\u00f3n 2025.<br><br>Pepe Sald\u00edvar, Presidente Municipal de Guadalupe, acompa\u00f1ado de su esposa Paulina Hern\u00e1ndez Ter\u00e1n, Presidenta Honorifica del Sistema DIF Guadalupe, Ra\u00fal Guerrero Ch\u00e1vez, Presidente del Comit\u00e9 Organizador y Yoltyc D\u00edaz, Directora de Cultura, invitaron a no olvidar que esta feria es patronal y es en honor a la Virgen de Guadalupe.<br><br>\u201cVa ser un cartel muy variado en todos los sentidos, no solamente habr\u00e1 temas art\u00edsticos y musicales, sino tambi\u00e9n tendremos el corredor comercial, gastron\u00f3mico, agropecuario y lo principal, que no perdamos la m\u00edstica que es una feria patronal, en honor a nuestra Virgen de Guadalupe\u201d. Indic\u00f3.<br><br>\u201cEscuchando a la gente llegamos a la conclusi\u00f3n de que este cartel es el indicado de acuerdo a las expresiones sociales, a las solicitudes y sugerencias del pueblo de Guadalupe y que tambi\u00e9n nos hacen llegar de otros municipios\u201d, mencion\u00f3 el primer edil.<br><br>El cartel art\u00edstico qued\u00f3 integrado por Manuel Medrano, quien se presentar\u00e1 el viernes 05 de diciembre, el s\u00e1bado 06 se presenta Kabah, el domingo 07 se presentan Jumbo y Volov\u00e1n, el lunes 08 de diciembre, sonido la Changa y sonido los JRS, el martes 09 de diciembre en el baile del recuerdo se presentan Los Yonics y Los Freddy\u00b4s, el 10 de diciembre, Titanes de Durango, el jueves 11 se presentar\u00e1 el Mariachi Gama 1000, el s\u00e1bado 13 Cardenales de Nuevo Le\u00f3n y para cerrar las actividades art\u00edsticas el domingo 14 de diciembre se presenta Gera MX.<br><br>Asimismo, se instalar\u00e1n corredor artesanal, gastron\u00f3mico y comercial la feria del empleo y el pabell\u00f3n agroindustrial, al ser una feria patronal, el Convento Franciscano llevar\u00e1 a cabo el 11 de diciembre las Tradicionales Ma\u00f1anitas realizadas desde 1985. <br><br>En las actividades deportivas se realizar\u00e1 el torneo de Tiro con Arco, la Expo Canina y la Tradicional Charreada de la Virgen, para las familias habr\u00e1 Shows Infantiles y para quienes buscan algo cultural se llevar\u00e1n a cabo exposiciones temporales en el Museo de Guadalupe y recorridos tur\u00edsticos que nos acercar\u00e1n a la historia del municipio.<br><br>Finalmente, cabe se\u00f1alar, que Pepe Sald\u00edvar destac\u00f3 que se tendr\u00e1 la coordinaci\u00f3n interinstitucional con todos los \u00f3rdenes de gobierno, con todas las dependencia estatales y federales para que la log\u00edstica se propia y adecuada, \u201cpara que las familias puedan venir con alegr\u00eda, porque es muy bonito ver a las familias completas\u201d.<\/p>\n","protected":false},"excerpt":{"rendered":"<p>\u2022 Actividades religiosas, art\u00edsticas, culturales, gastron\u00f3micas y deportivas, se disfrutar\u00e1n del 5 al 14 de diciembre. \u2022 \u201cEsta es una feria patronal, es una feria en honor a nuestra Virgen de Guadalupe\u201d: Pepe Sald\u00edvar. Un cartel incluyente para todos los gustos fue presentado esta ma\u00f1ana en conferencia de prensa llevada a cabo en el Instituto [&hellip;]<\/p>\n","protected":false},"author":3,"featured_media":23985,"comment_status":"open","ping_status":"open","sticky":false,"template":"","format":"standard","meta":{"footnotes":""},"categories":[23,6],"tags":[],"class_list":["post-23986","post","type-post","status-publish","format-standard","has-post-thumbnail","hentry","category-guadalupe","category-webmunicipios"],"jetpack_featured_media_url":"http:\/\/web-zac.com\/wp-content\/uploads\/2025\/11\/Screenshot_20251118_193423_com_whatsapp_MediaViewActivity.jpg","_links":{"self":[{"href":"http:\/\/web-zac.com\/index.php?rest_route=\/wp\/v2\/posts\/23986","targetHints":{"allow":["GET"]}}],"collection":[{"href":"http:\/\/web-zac.com\/index.php?rest_route=\/wp\/v2\/posts"}],"about":[{"href":"http:\/\/web-zac.com\/index.php?rest_route=\/wp\/v2\/types\/post"}],"author":[{"embeddable":true,"href":"http:\/\/web-zac.com\/index.php?rest_route=\/wp\/v2\/users\/3"}],"replies":[{"embeddable":true,"href":"http:\/\/web-zac.com\/index.php?rest_route=%2Fwp%2Fv2%2Fcomments&post=23986"}],"version-history":[{"count":1,"href":"http:\/\/web-zac.com\/index.php?rest_route=\/wp\/v2\/posts\/23986\/revisions"}],"predecessor-version":[{"id":23987,"href":"http:\/\/web-zac.com\/index.php?rest_route=\/wp\/v2\/posts\/23986\/revisions\/23987"}],"wp:featuredmedia":[{"embeddable":true,"href":"http:\/\/web-zac.com\/index.php?rest_route=\/wp\/v2\/media\/23985"}],"wp:attachment":[{"href":"http:\/\/web-zac.com\/index.php?rest_route=%2Fwp%2Fv2%2Fmedia&parent=23986"}],"wp:term":[{"taxonomy":"category","embeddable":true,"href":"http:\/\/web-zac.com\/index.php?rest_route=%2Fwp%2Fv2%2Fcategories&post=23986"},{"taxonomy":"post_tag","embeddable":true,"href":"http:\/\/web-zac.com\/index.php?rest_route=%2Fwp%2Fv2%2Ftags&post=23986"}],"curies":[{"name":"wp","href":"https:\/\/api.w.org\/{rel}","templated":true}]}}