{"id":23978,"date":"2025-11-12T07:12:27","date_gmt":"2025-11-12T13:12:27","guid":{"rendered":"http:\/\/web-zac.com\/?p=23978"},"modified":"2025-11-13T07:12:39","modified_gmt":"2025-11-13T13:12:39","slug":"zacatecas-tiene-un-gobierno-que-se-preocupa-por-la-ninez-y-la-juventud-maria-del-rocio-garcia-directora-del-dif-nacional","status":"publish","type":"post","link":"http:\/\/web-zac.com\/?p=23978","title":{"rendered":"Zacatecas tiene un Gobierno que se preocupa por la ni\u00f1ez y la juventud: Mar\u00eda del Roc\u00edo Garc\u00eda, directora del DIF Nacional"},"content":{"rendered":"\n<p><br><br>\u25aa\ufe0f&nbsp; El Gobernador David Monreal y la Presidenta del DIF Nacional, Mar\u00eda del Roc\u00edo Garc\u00eda, supervisan los avances de la Casa Cuna \u201cSemillitas\u201d, en Guadalupe<br>\u25aa\ufe0f&nbsp; La representante de la Presidenta Claudia Sheinbaum Pardo destaca el compromiso de los tres \u00f3rdenes de Gobierno para trabajar a favor de la ni\u00f1ez y la juventud<br>\u25aa\ufe0f&nbsp; El mandatario estatal anuncia que se prepara la Reuni\u00f3n Plenaria Municipalista para evaluar los logros de 2025 y delinear las acciones para el A\u00f1o del Progreso 2026<br><br>Guadalupe, Zac, 12 de noviembre de 2025.- Al realizar una visita de supervisi\u00f3n de la obra de construcci\u00f3n de la Casa Cuna \u201cSemillitas\u201d junto al Gobernador David Monreal \u00c1vila, la Presidenta del Sistema DIF Nacional, Mar\u00eda del Roc\u00edo Garc\u00eda P\u00e9rez, reconoci\u00f3 al estado de Zacatecas por tener un Gobierno preocupado por la ni\u00f1ez y por la juventud.<br><br>En compa\u00f1\u00eda de Sara Hern\u00e1ndez de Monreal, presidenta honor\u00edfica del Sistema Estatal para el Desarrollo Integral de la Familia (SEDIF), y del Presidente Municipal de Guadalupe, Jos\u00e9 Sald\u00edvar Alcalde, el Gobernador David Monreal y Mar\u00eda del Roc\u00edo Garc\u00eda realizaron un recorrido por este espacio destinado para las ni\u00f1as y los ni\u00f1os que atiende esta dependencia.<br><br>Al constatar esta importante obra de asistencia integral, el mandatario estatal dio cuenta a la representante del Gobierno de M\u00e9xico y de la Presidenta Claudia Sheinbaum Pardo del avance en la construcci\u00f3n de este espacio, que en una primera etapa albergar\u00e1 a 106 infantes del estado de Zacatecas. <br><br>Durante el recorrido, la Directora del DIF Nacional, Mar\u00eda del Roc\u00edo Garc\u00eda, destac\u00f3 el compromiso de los tres \u00f3rdenes de Gobierno, tanto el federal como el estatal de Zacatecas y el municipal de Guadalupe, para trabajar en unidad a favor de la ni\u00f1ez y la juventud de Zacatecas.<br><br>\u201cEstamos muy contentos de visitar este gran estado, que tiene un Gobierno comprometido con nuestras ni\u00f1as y nuestros j\u00f3venes. Juntos, lo podemos lograr\u201d, expres\u00f3 Mar\u00eda del Roc\u00edo Garc\u00eda P\u00e9rez.<br><br>La Secretaria de Obras P\u00fablicas, Mildret Karla Montes Inch\u00e1urregui, dio una explicaci\u00f3n t\u00e9cnica de este proyecto que registra un avance f\u00edsico del 50 por ciento y se construye en un terreno de m\u00e1s de 4 mil 200 metros cuadrados, donado por el municipio. En tanto que el Gobierno del Estado ejerce una inversi\u00f3n superior a 56 millones de pesos en la primera etapa.<br><br>Al t\u00e9rmino de esta visita de supervisi\u00f3n, el Gobernador David Monreal \u00c1vila inform\u00f3 que ya prepara la Reuni\u00f3n Plenaria Municipalista, a realizarse antes del cierre de este A\u00f1o del Bienestar 2025, en la que se evaluar\u00e1n los logros obtenidos y se delinear\u00e1n las acciones conjuntas con las y los presidentes municipales para el pr\u00f3ximo a\u00f1o.<br><br>Finalmente, el mandatario estatal anunci\u00f3 que 2026 ser\u00e1 decretado el A\u00f1o del Progreso en Zacatecas, con el prop\u00f3sito de consolidar las obras, programas y pol\u00edticas que impulsen el desarrollo y bienestar de las familias de esta entidad federativa.<br><br>\u2014ooOoo\u2014<\/p>\n","protected":false},"excerpt":{"rendered":"<p>\u25aa\ufe0f&nbsp; El Gobernador David Monreal y la Presidenta del DIF Nacional, Mar\u00eda del Roc\u00edo Garc\u00eda, supervisan los avances de la Casa Cuna \u201cSemillitas\u201d, en Guadalupe\u25aa\ufe0f&nbsp; La representante de la Presidenta Claudia Sheinbaum Pardo destaca el compromiso de los tres \u00f3rdenes de Gobierno para trabajar a favor de la ni\u00f1ez y la juventud\u25aa\ufe0f&nbsp; El mandatario estatal [&hellip;]<\/p>\n","protected":false},"author":3,"featured_media":23977,"comment_status":"open","ping_status":"open","sticky":false,"template":"","format":"standard","meta":{"footnotes":""},"categories":[4,22,6],"tags":[],"class_list":["post-23978","post","type-post","status-publish","format-standard","has-post-thumbnail","hentry","category-webgobierno","category-gobierno","category-webmunicipios"],"jetpack_featured_media_url":"http:\/\/web-zac.com\/wp-content\/uploads\/2025\/11\/IMG-20251112-WA0231.jpg","_links":{"self":[{"href":"http:\/\/web-zac.com\/index.php?rest_route=\/wp\/v2\/posts\/23978","targetHints":{"allow":["GET"]}}],"collection":[{"href":"http:\/\/web-zac.com\/index.php?rest_route=\/wp\/v2\/posts"}],"about":[{"href":"http:\/\/web-zac.com\/index.php?rest_route=\/wp\/v2\/types\/post"}],"author":[{"embeddable":true,"href":"http:\/\/web-zac.com\/index.php?rest_route=\/wp\/v2\/users\/3"}],"replies":[{"embeddable":true,"href":"http:\/\/web-zac.com\/index.php?rest_route=%2Fwp%2Fv2%2Fcomments&post=23978"}],"version-history":[{"count":1,"href":"http:\/\/web-zac.com\/index.php?rest_route=\/wp\/v2\/posts\/23978\/revisions"}],"predecessor-version":[{"id":23979,"href":"http:\/\/web-zac.com\/index.php?rest_route=\/wp\/v2\/posts\/23978\/revisions\/23979"}],"wp:featuredmedia":[{"embeddable":true,"href":"http:\/\/web-zac.com\/index.php?rest_route=\/wp\/v2\/media\/23977"}],"wp:attachment":[{"href":"http:\/\/web-zac.com\/index.php?rest_route=%2Fwp%2Fv2%2Fmedia&parent=23978"}],"wp:term":[{"taxonomy":"category","embeddable":true,"href":"http:\/\/web-zac.com\/index.php?rest_route=%2Fwp%2Fv2%2Fcategories&post=23978"},{"taxonomy":"post_tag","embeddable":true,"href":"http:\/\/web-zac.com\/index.php?rest_route=%2Fwp%2Fv2%2Ftags&post=23978"}],"curies":[{"name":"wp","href":"https:\/\/api.w.org\/{rel}","templated":true}]}}