{"id":23972,"date":"2025-11-12T19:00:40","date_gmt":"2025-11-13T01:00:40","guid":{"rendered":"http:\/\/web-zac.com\/?p=23972"},"modified":"2025-11-13T07:08:46","modified_gmt":"2025-11-13T13:08:46","slug":"reafirma-gobernador-david-monreal-vocacion-democratica-de-zacatecas-al-ser-sede-de-la-audiencia-sobre-la-reforma-electoral","status":"publish","type":"post","link":"http:\/\/web-zac.com\/?p=23972","title":{"rendered":"Reafirma Gobernador David Monreal vocaci\u00f3n democr\u00e1tica de Zacatecas al ser sede de la Audiencia sobre la Reforma Electoral"},"content":{"rendered":"\n<p><br><br>\u25aa\ufe0fJunto a la Secretaria de Gobernaci\u00f3n, Rosa Icela Rodr\u00edguez, el mandatario encabez\u00f3&nbsp; el foro en la que se presentaron 20 ponencias sobre derechos pol\u00edtico-electorales, representaci\u00f3n, justicia electoral, g\u00e9nero y participaci\u00f3n de la diversidad<br><br>Zacatecas, Zac., 12 de noviembre de 2025.- Junto a la Secretaria de Gobernaci\u00f3n, Rosa Icela Rodr\u00edguez Vel\u00e1zquez, el Gobernador David Monreal \u00c1vila encabez\u00f3 la vig\u00e9sima tercera audiencia p\u00fablica de la Comisi\u00f3n Presidencial para la Reforma Electoral, un ejercicio in\u00e9dito de escucha ciudadana convocado por la Presidenta de M\u00e9xico, Claudia Sheinbaum Pardo.<br><br>El Gobernador David Monreal \u00c1vila destac\u00f3 que \u201cZacatecas es cuna de movimientos sociales, de transformaciones y de transformadores; por eso, celebramos abrir nuestras puertas al di\u00e1logo, porque la democracia no se construye s\u00f3lo con leyes, se construye escuchando, debatiendo y haciendo acuerdos\u201d.<br><br>La Secretaria Rosa Icela Rodr\u00edguez afirm\u00f3 que \u201cM\u00e9xico est\u00e1 cambiando y ha recorrido ya un camino importante en la consolidaci\u00f3n de un gobierno humanista\u201d; recalc\u00f3 que a\u00fan no existe una propuesta formal de reforma electoral, ya que \u00e9sta se construye con base en los foros de consulta, \u201cvamos a incorporar todas las voces y recorrer el pa\u00eds para construir el mayor consenso posible\u201d.<br><br>La audiencia cont\u00f3 con la moderaci\u00f3n de la periodista Cristina \u00c1vila Sezatti, fundadora del medio Corresponsal de Paz, y \u00c1ngel Rom\u00e1n Guti\u00e9rrez, rector de la Universidad Aut\u00f3noma de Zacatecas.<br><br>En Zacatecas se presentaron p\u00fablicamente 20 ponencias que abordaron, con enfoque t\u00e9cnico y social, los 10 ejes propuestos por la Comisi\u00f3n Presidencial para la Reforma Electoral, en las que destacaron temas como representaci\u00f3n proporcional, participaci\u00f3n juvenil, fortalecimiento del voto de personas con discapacidad, y mecanismos de democracia deliberativa.<br><br>Zacatecas, entidad comprometida con la transformaci\u00f3n<br><br>Acompa\u00f1ada por el Subsecretario de Derechos Humanos, Poblaci\u00f3n y Migraci\u00f3n, F\u00e9lix Arturo Medina Padilla, la Secretaria de Gobernaci\u00f3n, Rosa Icela Rodr\u00edguez, destac\u00f3 la relevancia de realizar este ejercicio en la entidad, al afirmar que \u201cZacatecas es una joya del pa\u00eds, con un pueblo participativo, combativo, pionero en la lucha por el federalismo\u201d, y reconoci\u00f3 la disposici\u00f3n del Gobernador David Monreal \u00c1vila para impulsar ejercicios democr\u00e1ticos que fortalezcan la gobernabilidad desde la base ciudadana.<br><br>La funcionaria federal reiter\u00f3 que \u201cla reforma electoral es de todas y de todos, porque a todos nos involucra y nos interesa tener un M\u00e9xico m\u00e1s justo, soberano y democr\u00e1tico\u201d, por lo que enfatiz\u00f3 que ya no ser\u00e1n las c\u00fapulas partidistas las que definan en solitario las reglas del juego pol\u00edtico.<br><br>\u201cNo podemos dejar que nuestro sistema electoral, nuestra democracia, envejezca y deje de ser un instrumento efectivo de transici\u00f3n pac\u00edfica\u201d, sentenci\u00f3.<br><br>\u201cM\u00e9xico est\u00e1 cambiando y ha recorrido ya un camino importante en la consolidaci\u00f3n de un gobierno humanista\u201d. En ese sentido, Rodr\u00edguez Vel\u00e1zquez reafirm\u00f3 el compromiso del Gobierno de M\u00e9xico con un proceso de transformaci\u00f3n democr\u00e1tico que coloque en el centro a la ciudadan\u00eda y sus derechos pol\u00edticos.<br><br>Reconoci\u00f3 al Gobernador David Monreal \u00c1vila como \u201cun hombre muy activo, muy trabajador, siempre dispuesto a coordinar con el gobierno de la presidenta Claudia Sheinbaum y que pelea el bien de las zacatecanas y los zacatecanos\u201d.<br><br>Desde Zacatecas nos sumamos al esfuerzo<br><br>\u201cDesde Zacatecas nos sumamos con mucho entusiasmo a este esfuerzo plural\u201d, expres\u00f3 el mandatario estatal David Monreal \u00c1vila, quien refrend\u00f3 el compromiso de la entidad con el fortalecimiento institucional, la participaci\u00f3n ciudadana y el respeto a los principios democr\u00e1ticos.<br><br>\u201cCompartimos la convicci\u00f3n de que una democracia fuerte necesita reglas claras, autoridades confiables y una representaci\u00f3n genuina\u201d; destac\u00f3 la importancia de que, en esta audiencia, se aborden temas fundamentales como las libertades pol\u00edticas, la representaci\u00f3n proporcional, el sistema de partidos, el papel de los \u00f3rganos electorales, as\u00ed como el modelo de comunicaci\u00f3n.<br><br>El Gobernador subray\u00f3 que la celebraci\u00f3n de este foro en Zacatecas no es casualidad, pues esta tierra ha sido hist\u00f3ricamente cuna de luchas sociales y de transformaci\u00f3n pol\u00edtica.<br><br>Afirm\u00f3 que \u201cun proceso de transformaci\u00f3n y cambio nace desde la consulta al pueblo; es un proceso que legitima, que incluye y es m\u00e1s s\u00f3lido\u201d.<br><br>Reconoci\u00f3 la visi\u00f3n de la Presidenta de M\u00e9xico, Claudia Sheinbaum Pardo, por impulsar un proceso de di\u00e1logo abierto con la ciudadan\u00eda, como base para una reforma electoral que responda a las verdaderas necesidades del pa\u00eds.<br><br>Entre las aportaciones de Zacatecas a la reforma electoral, se encuentran temas como fortalecer la estructura nacional electoral con respeto al federalismo, garantizar la representaci\u00f3n de personas con discapacidad, diversidad sexual y migrantes, impulsar la participaci\u00f3n de j\u00f3venes y el uso de tecnolog\u00eda c\u00edvica en procesos electorales, transitar hacia una democracia m\u00e1s deliberativa, participativa y representativa, as\u00ed como revisar el sistema de partidos y los mecanismos de representaci\u00f3n proporcional.<br><br>La Secretaria de Gobernaci\u00f3n, Rosa Icela Rodr\u00edguez Vel\u00e1zquez, indic\u00f3 que fueron muy valiosas todas las participaciones, de mucho nivel, y ser\u00e1n tomadas en cuenta en el debate que se dar\u00e1 en el tema, \u201cnos quedamos con muchas ideas que aqu\u00ed se plantearon\u201d.<br><br>\u2014ooOoo\u2014<\/p>\n","protected":false},"excerpt":{"rendered":"<p>\u25aa\ufe0fJunto a la Secretaria de Gobernaci\u00f3n, Rosa Icela Rodr\u00edguez, el mandatario encabez\u00f3&nbsp; el foro en la que se presentaron 20 ponencias sobre derechos pol\u00edtico-electorales, representaci\u00f3n, justicia electoral, g\u00e9nero y participaci\u00f3n de la diversidad Zacatecas, Zac., 12 de noviembre de 2025.- Junto a la Secretaria de Gobernaci\u00f3n, Rosa Icela Rodr\u00edguez Vel\u00e1zquez, el Gobernador David Monreal \u00c1vila [&hellip;]<\/p>\n","protected":false},"author":3,"featured_media":23971,"comment_status":"open","ping_status":"open","sticky":false,"template":"","format":"standard","meta":{"footnotes":""},"categories":[4,22,6],"tags":[],"class_list":["post-23972","post","type-post","status-publish","format-standard","has-post-thumbnail","hentry","category-webgobierno","category-gobierno","category-webmunicipios"],"jetpack_featured_media_url":"http:\/\/web-zac.com\/wp-content\/uploads\/2025\/11\/IMG-20251112-WA0117.jpg","_links":{"self":[{"href":"http:\/\/web-zac.com\/index.php?rest_route=\/wp\/v2\/posts\/23972","targetHints":{"allow":["GET"]}}],"collection":[{"href":"http:\/\/web-zac.com\/index.php?rest_route=\/wp\/v2\/posts"}],"about":[{"href":"http:\/\/web-zac.com\/index.php?rest_route=\/wp\/v2\/types\/post"}],"author":[{"embeddable":true,"href":"http:\/\/web-zac.com\/index.php?rest_route=\/wp\/v2\/users\/3"}],"replies":[{"embeddable":true,"href":"http:\/\/web-zac.com\/index.php?rest_route=%2Fwp%2Fv2%2Fcomments&post=23972"}],"version-history":[{"count":1,"href":"http:\/\/web-zac.com\/index.php?rest_route=\/wp\/v2\/posts\/23972\/revisions"}],"predecessor-version":[{"id":23973,"href":"http:\/\/web-zac.com\/index.php?rest_route=\/wp\/v2\/posts\/23972\/revisions\/23973"}],"wp:featuredmedia":[{"embeddable":true,"href":"http:\/\/web-zac.com\/index.php?rest_route=\/wp\/v2\/media\/23971"}],"wp:attachment":[{"href":"http:\/\/web-zac.com\/index.php?rest_route=%2Fwp%2Fv2%2Fmedia&parent=23972"}],"wp:term":[{"taxonomy":"category","embeddable":true,"href":"http:\/\/web-zac.com\/index.php?rest_route=%2Fwp%2Fv2%2Fcategories&post=23972"},{"taxonomy":"post_tag","embeddable":true,"href":"http:\/\/web-zac.com\/index.php?rest_route=%2Fwp%2Fv2%2Ftags&post=23972"}],"curies":[{"name":"wp","href":"https:\/\/api.w.org\/{rel}","templated":true}]}}