{"id":23668,"date":"2025-09-16T18:11:48","date_gmt":"2025-09-16T23:11:48","guid":{"rendered":"http:\/\/web-zac.com\/?p=23668"},"modified":"2025-09-16T18:12:50","modified_gmt":"2025-09-16T23:12:50","slug":"viva-la-independencia-viva-la-unidad-del-pueblo-viva-zacatecas-viva-mexico-grita-el-gobernador-david-monreal","status":"publish","type":"post","link":"http:\/\/web-zac.com\/?p=23668","title":{"rendered":"\u201c\u00a1Viva la Independencia! \u00a1Viva la unidad del pueblo! \u00a1Viva Zacatecas! \u00a1Viva M\u00e9xico!\u201d, grita el Gobernador David Monreal<br>"},"content":{"rendered":"\n<p><br>Zacatecas, Zac, 15 de septiembre de 2025.- Ante una Plaza de Armas abarrotada, el Gobernador David Monreal \u00c1vila encabez\u00f3 la ceremonia del Grito de Independencia, en el aniversario 215 del inicio de esta gesta de libertad para el pueblo de M\u00e9xico.<br><br>Precedido por una Verbena Popular y un ambiente de fiesta, con m\u00fasica en vivo desde temprana hora, el mandatario y su esposa, Sara Hern\u00e1ndez, presidenta honor\u00edfica del DIF Estatal, encabezaron esta tradicional celebraci\u00f3n c\u00edvica, que reafirma el orgullo nacional y la unidad de las familias.<br><br>Desde el balc\u00f3n principal de Palacio de Gobierno, el Gobernador David Monreal evoc\u00f3 a las y los h\u00e9roes que dieron libertad y patria al pueblo de M\u00e9xico: \u201cViva la Independencia! \u00a1Vivan las mujeres y los hombres que nos dieron Patria y Libertad! \u00a1Viva Don Miguel Hidalgo y Costilla! \u00a1Viva Jos\u00e9 Mar\u00eda Morelos y Pav\u00f3n!\u201d<br><br>Y continuaron las arengas: \u201c\u00a1Viva Josefa Ortiz de Dom\u00ednguez! \u00a1Viva Leona Vicario! \u00a1Viva Ignacio Allende! \u00a1Viva V\u00edctor Rosales! \u00a1Viva Jos\u00e9 Mar\u00eda Cos y P\u00e9rez! \u00a1Viva la unidad del pueblo! \u00a1Viva la Cuarta Transformaci\u00f3n de M\u00e9xico! \u00a1Viva el anhelo de paz y bienestar de nuestro pueblo! \u00a1Viva Zacatecas! \u00a1Viva M\u00e9xico!\u201d<br><br>La ceremonia conmemorativa del Grito de Independencia concluy\u00f3 con el repique de las campanas, fuegos artificiales y el fervor de la gente que vitore\u00f3 al un\u00edsono: \u201c\u00a1Viva Zacatecas! \u00a1Viva M\u00e9xico!\u201d, para continuar la fiesta mexicana en la Plaza de Armas. <br><br>\u2014ooOoo\u2014<\/p>\n","protected":false},"excerpt":{"rendered":"<p>Zacatecas, Zac, 15 de septiembre de 2025.- Ante una Plaza de Armas abarrotada, el Gobernador David Monreal \u00c1vila encabez\u00f3 la ceremonia del Grito de Independencia, en el aniversario 215 del inicio de esta gesta de libertad para el pueblo de M\u00e9xico. Precedido por una Verbena Popular y un ambiente de fiesta, con m\u00fasica en vivo [&hellip;]<\/p>\n","protected":false},"author":3,"featured_media":23667,"comment_status":"open","ping_status":"open","sticky":false,"template":"","format":"standard","meta":{"footnotes":""},"categories":[4,22,6],"tags":[],"class_list":["post-23668","post","type-post","status-publish","format-standard","has-post-thumbnail","hentry","category-webgobierno","category-gobierno","category-webmunicipios"],"jetpack_featured_media_url":"http:\/\/web-zac.com\/wp-content\/uploads\/2025\/09\/IMG-20250916-WA0006.jpg","_links":{"self":[{"href":"http:\/\/web-zac.com\/index.php?rest_route=\/wp\/v2\/posts\/23668","targetHints":{"allow":["GET"]}}],"collection":[{"href":"http:\/\/web-zac.com\/index.php?rest_route=\/wp\/v2\/posts"}],"about":[{"href":"http:\/\/web-zac.com\/index.php?rest_route=\/wp\/v2\/types\/post"}],"author":[{"embeddable":true,"href":"http:\/\/web-zac.com\/index.php?rest_route=\/wp\/v2\/users\/3"}],"replies":[{"embeddable":true,"href":"http:\/\/web-zac.com\/index.php?rest_route=%2Fwp%2Fv2%2Fcomments&post=23668"}],"version-history":[{"count":1,"href":"http:\/\/web-zac.com\/index.php?rest_route=\/wp\/v2\/posts\/23668\/revisions"}],"predecessor-version":[{"id":23669,"href":"http:\/\/web-zac.com\/index.php?rest_route=\/wp\/v2\/posts\/23668\/revisions\/23669"}],"wp:featuredmedia":[{"embeddable":true,"href":"http:\/\/web-zac.com\/index.php?rest_route=\/wp\/v2\/media\/23667"}],"wp:attachment":[{"href":"http:\/\/web-zac.com\/index.php?rest_route=%2Fwp%2Fv2%2Fmedia&parent=23668"}],"wp:term":[{"taxonomy":"category","embeddable":true,"href":"http:\/\/web-zac.com\/index.php?rest_route=%2Fwp%2Fv2%2Fcategories&post=23668"},{"taxonomy":"post_tag","embeddable":true,"href":"http:\/\/web-zac.com\/index.php?rest_route=%2Fwp%2Fv2%2Ftags&post=23668"}],"curies":[{"name":"wp","href":"https:\/\/api.w.org\/{rel}","templated":true}]}}