{"id":23635,"date":"2025-09-10T07:51:01","date_gmt":"2025-09-10T12:51:01","guid":{"rendered":"http:\/\/web-zac.com\/?p=23635"},"modified":"2025-09-10T07:51:29","modified_gmt":"2025-09-10T12:51:29","slug":"inaugura-gobernador-david-monreal-pabellon-minero-en-fenaza-2025","status":"publish","type":"post","link":"http:\/\/web-zac.com\/?p=23635","title":{"rendered":"Inaugura Gobernador David Monreal Pabell\u00f3n Minero en Fenaza 2025\n<br>"},"content":{"rendered":"\n<p>\n<br>\uf0a7\tDestaca colaboraci\u00f3n entre Secretar\u00eda de Econom\u00eda, empresas mineras y Cl\u00faster para resaltar importancia estrat\u00e9gica de la miner\u00eda en Zacatecas\n<br>\uf0a7\tIncluye exposiciones interactivas, presentaciones educativas y demostraciones pr\u00e1cticas sobre operaciones subterr\u00e1neas y a cielo abierto&nbsp; \n<br>\n<br>Zacatecas, Zac., 9 de septiembre de 2025.- El Gobernador David Monreal \u00c1vila inaugur\u00f3 el Pabell\u00f3n Minero edici\u00f3n 2025 en la Megavelar\u00eda de la Feria Nacional de Zacatecas (Fenaza), un espacio que destaca la relevancia estrat\u00e9gica y multifac\u00e9tica de este sector en la entidad.\n<br>\n<br>En conjunto con empresarios del sector minero, el mandatario estatal hizo un recorrido por las instalaciones donde se ofrece una visi\u00f3n integral sobre las operaciones mineras, tanto subterr\u00e1neas como a cielo abierto, y destaca la responsabilidad social y ambiental que caracteriza a este sector.\n<br>\n<br>El objetivo principal del Pabell\u00f3n Minero es destacar la relevancia estrat\u00e9gica y multifac\u00e9tica de la miner\u00eda mediante la creaci\u00f3n de este espacio, resultado de una sinergia efectiva entre la Secretar\u00eda de Econom\u00eda, a trav\u00e9s de la Direcci\u00f3n de Minas, las empresas instaladas en el Estado y el Cl\u00faster Minero de Zacatecas.\n<br>\n<br>Se present\u00f3 un recorrido ilustrativo por el coraz\u00f3n de una mina subterr\u00e1nea y a cielo abierto, en la que se mostr\u00f3 la complejidad, el compromiso ambiental y la innovaci\u00f3n que caracterizan a la miner\u00eda moderna en la entidad.\n<br>\n<br>El viaje inicia con el descenso en elevador hacia el subsuelo, donde \u201cla luz del d\u00eda se apaga y nace el mundo subterr\u00e1neo\u201d. Antes de cargar el mineral, el terreno se prepara con precisi\u00f3n, \u201cmarcas en la roca se\u00f1alan d\u00f3nde perforar, como un mapa de luz en la oscuridad\u201d. Equipos de barrenado avanzan con fuerza y exactitud, abriendo paso en la piedra con tecnolog\u00eda de punta.\n<br>\n<br>La innovaci\u00f3n tecnol\u00f3gica tambi\u00e9n se hace presente bajo tierra, con maquinaria el\u00e9ctrica que \u201ctrabaja en silencio, con potencia limpia\u201d, lo que reduce emisiones y aumenta la eficiencia operativa. Sin embargo, el factor humano sigue siendo esencial: \u201cnada funciona bien sin las personas. Aqu\u00ed la confianza, la comunicaci\u00f3n y la experiencia unen la fuerza de las m\u00e1quinas con la inteligencia humana\u201d.\n<br>\n<br>Una vez extra\u00edda la roca, comienza un segundo viaje en la planta de beneficio, donde la piedra \u201cse transforma, revelando los minerales que guarda en su interior\u201d. A trav\u00e9s de procesos f\u00edsicos y qu\u00edmicos, la materia prima se concentra y se convierte en insumo de alto valor para la industria mundial. Paralelamente, los materiales residuales se devuelven a los t\u00faneles inactivos, rellenando espacios vac\u00edos y reduciendo riesgos ambientales.\n<br>\n<br>Esta pr\u00e1ctica constituye \u201cun acto de responsabilidad, devolver a la Tierra lo que ya no usamos\u201d, lo que refleja una visi\u00f3n de miner\u00eda responsable y sostenible.\n<br>\n<br>La visi\u00f3n a\u00e9rea muestra a la mina como \u201cun gigante tallado por el hombre, escaleras de roca que descienden en espiral como cicatrices de la tierra\u201d, con lo que destaca la magnitud del trabajo humano y tecnol\u00f3gico.\n<br>\n<br>La miner\u00eda es m\u00e1s que extracci\u00f3n: es planeaci\u00f3n, innovaci\u00f3n y cuidado. \u201cLa miner\u00eda del presente ya no es sobre extracci\u00f3n, es planeaci\u00f3n, innovaci\u00f3n y cuidado\u201d.\n<br>\n<br>A trav\u00e9s de las exposiciones interactivas, presentaciones educativas y demostraciones pr\u00e1cticas, el Pabell\u00f3n Minero ilustra c\u00f3mo las actividades mineras contribuyen de manera significativa al crecimiento econ\u00f3mico del estado, al generar empleo, impulsar el desarrollo de infraestructura local y promover el progreso de la comunidad.\n<br>\n<br>Adem\u00e1s, se pone de relieve el firme compromiso de la industria minera con la responsabilidad social y ambiental, al destacar las iniciativas y pr\u00e1cticas implementadas para mitigar el impacto ambiental y fomentar una miner\u00eda sostenible.\n<br>\n<br>El Pabell\u00f3n Minero ha formado parte de la Feria Nacional de Zacatecas (FENAZA) desde 2022, con el objetivo de proporcionar a la ciudadan\u00eda una comprensi\u00f3n m\u00e1s profunda del sector minero y su importancia para la regi\u00f3n.\n<br>\n<br>Participaron en este evento los secretarios de Econom\u00eda, Jorge Miranda Castro, de Turismo, Le Roy Barrag\u00e1n Ocampo; el Director General del Sistema Estatal para el Desarrollo Integral de la Familia (SEDIF), V\u00edctor Humberto de la Torre Delgado;&nbsp; el Director del Cl\u00faster Minero, Sergio Flores G\u00f3mez, y la Coordinadora de la FENAZA, Yaseth Hern\u00e1ndez Huerta.\n<br>\n<br>Por el sector minero estuvieron representantes de las empresas Orla Camino Rojo, Newmont Pe\u00f1asquito, Minas de San Nicolas, Fresnillo PLC, Minera Arian Silver, Unidad Minera Saucito, Aranzaz\u00fa Holding, Cozamin, Frisco, Grupo M\u00e9xico, Epiroc M\u00e9xico, Juanicipio, Minera Fresnillo, Pan American Silver, DICOM y Grupo Cavi, entre otros.\n<br>\n<br>El Gobierno de Zacatecas invita a visitar el sitio web: https:\/\/4toinformedavidmonrealavila.zacatecas.gob.mx\/, donde se concentran los detalles del 4to Informe de Resultados; ah\u00ed encontrar\u00e1n videos, galer\u00edas y redes sociales, adem\u00e1s de un chabota para dar respuesta a las inquietudes ciudadanas sobre datos y avances gubernamentales.\n<br>\n<br>\u2014ooOoo\u2014<\/p>\n","protected":false},"excerpt":{"rendered":"<p>\uf0a7 Destaca colaboraci\u00f3n entre Secretar\u00eda de Econom\u00eda, empresas mineras y Cl\u00faster para resaltar importancia estrat\u00e9gica de la miner\u00eda en Zacatecas \uf0a7 Incluye exposiciones interactivas, presentaciones educativas y demostraciones pr\u00e1cticas sobre operaciones subterr\u00e1neas y a cielo abierto&nbsp; Zacatecas, Zac., 9 de septiembre de 2025.- El Gobernador David Monreal \u00c1vila inaugur\u00f3 el Pabell\u00f3n Minero edici\u00f3n 2025 en [&hellip;]<\/p>\n","protected":false},"author":3,"featured_media":23634,"comment_status":"open","ping_status":"open","sticky":false,"template":"","format":"standard","meta":{"footnotes":""},"categories":[4,22,6],"tags":[],"class_list":["post-23635","post","type-post","status-publish","format-standard","has-post-thumbnail","hentry","category-webgobierno","category-gobierno","category-webmunicipios"],"jetpack_featured_media_url":"http:\/\/web-zac.com\/wp-content\/uploads\/2025\/09\/IMG-20250909-WA0243.jpg","_links":{"self":[{"href":"http:\/\/web-zac.com\/index.php?rest_route=\/wp\/v2\/posts\/23635","targetHints":{"allow":["GET"]}}],"collection":[{"href":"http:\/\/web-zac.com\/index.php?rest_route=\/wp\/v2\/posts"}],"about":[{"href":"http:\/\/web-zac.com\/index.php?rest_route=\/wp\/v2\/types\/post"}],"author":[{"embeddable":true,"href":"http:\/\/web-zac.com\/index.php?rest_route=\/wp\/v2\/users\/3"}],"replies":[{"embeddable":true,"href":"http:\/\/web-zac.com\/index.php?rest_route=%2Fwp%2Fv2%2Fcomments&post=23635"}],"version-history":[{"count":1,"href":"http:\/\/web-zac.com\/index.php?rest_route=\/wp\/v2\/posts\/23635\/revisions"}],"predecessor-version":[{"id":23636,"href":"http:\/\/web-zac.com\/index.php?rest_route=\/wp\/v2\/posts\/23635\/revisions\/23636"}],"wp:featuredmedia":[{"embeddable":true,"href":"http:\/\/web-zac.com\/index.php?rest_route=\/wp\/v2\/media\/23634"}],"wp:attachment":[{"href":"http:\/\/web-zac.com\/index.php?rest_route=%2Fwp%2Fv2%2Fmedia&parent=23635"}],"wp:term":[{"taxonomy":"category","embeddable":true,"href":"http:\/\/web-zac.com\/index.php?rest_route=%2Fwp%2Fv2%2Fcategories&post=23635"},{"taxonomy":"post_tag","embeddable":true,"href":"http:\/\/web-zac.com\/index.php?rest_route=%2Fwp%2Fv2%2Ftags&post=23635"}],"curies":[{"name":"wp","href":"https:\/\/api.w.org\/{rel}","templated":true}]}}