{"id":23612,"date":"2025-09-05T00:00:20","date_gmt":"2025-09-05T05:00:20","guid":{"rendered":"http:\/\/web-zac.com\/?p=23612"},"modified":"2025-09-05T00:00:36","modified_gmt":"2025-09-05T05:00:36","slug":"zacatecas-estara-de-fiesta-con-la-visita-de-la-presidenta-claudia-sheinbaum-pardo","status":"publish","type":"post","link":"http:\/\/web-zac.com\/?p=23612","title":{"rendered":"Zacatecas estar\u00e1 de fiesta con la visita de la Presidenta Claudia Sheinbaum Pardo"},"content":{"rendered":"\n<p><br><br>Zacatecas, Zac., 4 de septiembre de2025.- Este viernes, Zacatecas estar\u00e1 de fiesta con la visita de la Presidenta Claudia Sheinbaum Pardo, por lo que el Gobernador David Monreal \u00c1vila hizo extensiva la invitaci\u00f3n para que la ciudadan\u00eda la arrope y le d\u00e9 una calurosa bienvenida.<br><br>Desde la Plaza de Armas, que se engalanar\u00e1 con la presencia de la primera Presidenta de M\u00e9xico, el mandatario estatal convoc\u00f3 a las y los zacatecanos a recibirla con entusiasmo y calidez, para reconocerle el trabajo que ha hecho por su gente, en temas como la pol\u00edtica social, el trabajo en seguridad y la disminuci\u00f3n de la pobreza, entre muchos otros.<br><br>La Presidenta Claudia Sheinbaum Pardo visitar\u00e1 Zacatecas luego de haber rendido su Primer Informe de Resultados, en el que destac\u00f3 a este estado como la entidad federativa que m\u00e1s disminuy\u00f3 el \u00edndice de homicidios dolosos en todo el pa\u00eds.<br><br>La cita es este viernes, a las 18:00 horas, en el coraz\u00f3n de la ciudad de Zacatecas, donde se espera la asistencia de miles de personas.<br><br>\u2014ooOoo\u2014<\/p>\n","protected":false},"excerpt":{"rendered":"<p>Zacatecas, Zac., 4 de septiembre de2025.- Este viernes, Zacatecas estar\u00e1 de fiesta con la visita de la Presidenta Claudia Sheinbaum Pardo, por lo que el Gobernador David Monreal \u00c1vila hizo extensiva la invitaci\u00f3n para que la ciudadan\u00eda la arrope y le d\u00e9 una calurosa bienvenida. Desde la Plaza de Armas, que se engalanar\u00e1 con la [&hellip;]<\/p>\n","protected":false},"author":3,"featured_media":23611,"comment_status":"open","ping_status":"open","sticky":false,"template":"","format":"standard","meta":{"footnotes":""},"categories":[4,22,6],"tags":[],"class_list":["post-23612","post","type-post","status-publish","format-standard","has-post-thumbnail","hentry","category-webgobierno","category-gobierno","category-webmunicipios"],"jetpack_featured_media_url":"http:\/\/web-zac.com\/wp-content\/uploads\/2025\/09\/IMG-20250904-WA0233.jpg","_links":{"self":[{"href":"http:\/\/web-zac.com\/index.php?rest_route=\/wp\/v2\/posts\/23612","targetHints":{"allow":["GET"]}}],"collection":[{"href":"http:\/\/web-zac.com\/index.php?rest_route=\/wp\/v2\/posts"}],"about":[{"href":"http:\/\/web-zac.com\/index.php?rest_route=\/wp\/v2\/types\/post"}],"author":[{"embeddable":true,"href":"http:\/\/web-zac.com\/index.php?rest_route=\/wp\/v2\/users\/3"}],"replies":[{"embeddable":true,"href":"http:\/\/web-zac.com\/index.php?rest_route=%2Fwp%2Fv2%2Fcomments&post=23612"}],"version-history":[{"count":1,"href":"http:\/\/web-zac.com\/index.php?rest_route=\/wp\/v2\/posts\/23612\/revisions"}],"predecessor-version":[{"id":23613,"href":"http:\/\/web-zac.com\/index.php?rest_route=\/wp\/v2\/posts\/23612\/revisions\/23613"}],"wp:featuredmedia":[{"embeddable":true,"href":"http:\/\/web-zac.com\/index.php?rest_route=\/wp\/v2\/media\/23611"}],"wp:attachment":[{"href":"http:\/\/web-zac.com\/index.php?rest_route=%2Fwp%2Fv2%2Fmedia&parent=23612"}],"wp:term":[{"taxonomy":"category","embeddable":true,"href":"http:\/\/web-zac.com\/index.php?rest_route=%2Fwp%2Fv2%2Fcategories&post=23612"},{"taxonomy":"post_tag","embeddable":true,"href":"http:\/\/web-zac.com\/index.php?rest_route=%2Fwp%2Fv2%2Ftags&post=23612"}],"curies":[{"name":"wp","href":"https:\/\/api.w.org\/{rel}","templated":true}]}}