{"id":23570,"date":"2025-09-03T17:57:13","date_gmt":"2025-09-03T22:57:13","guid":{"rendered":"http:\/\/web-zac.com\/?p=23570"},"modified":"2025-09-03T17:57:40","modified_gmt":"2025-09-03T22:57:40","slug":"encabeza-gobernador-david-monreal-feria-nacional-de-empleo-para-las-juventudes-con-1-mil-700-vacantes-ofertadas","status":"publish","type":"post","link":"http:\/\/web-zac.com\/?p=23570","title":{"rendered":"Encabeza Gobernador David Monreal Feria Nacional de Empleo para las Juventudes con 1 mil 700 vacantes ofertadas"},"content":{"rendered":"\n<p><br><br>\u25aa\ufe0f&nbsp; Se tuvo participaci\u00f3n de 25 empresas y 120 emprendedores<br>\u25aa\ufe0f&nbsp; Se instalaron m\u00f3dulos informativos sobre programas como J\u00f3venes Construyendo el Futuro y Movilidad Laboral<br><br>Zacatecas, Zac., 3 de septiembre de 2025.- El Gobernador David Monreal \u00c1vila encabez\u00f3 la Feria Nacional de Empleo para las Juventudes 2025, un ejercicio estrat\u00e9gico de vinculaci\u00f3n directa entre el sector empresarial y el talento joven del estado, con una oferta de 1 mil 700 vacantes (500 presenciales y 1 mil 200 virtuales del portal del empleo), participaci\u00f3n de 25 empresas y 120 emprendedores.<br><br>El evento conjunta los esfuerzos de las secretar\u00edas de Econom\u00eda, de las Mujeres, del Campo y el Instituto de la Juventud, con un impacto regional de m\u00e1s de 4 mil asistentes, que incluy\u00f3 buscadores activos de empleo, empresas ofertantes, expositores de productos, j\u00f3venes y mujeres emprendedoras, para contribuir al fortalecimiento del mercado laboral y el bienestar de las familias zacatecanas.<br><br>Acompa\u00f1ado por la Presidenta Honor\u00edfica del Sistema Estatal para el Desarrollo Integral de la Familia (SEDIF), Sara Hern\u00e1ndez de Monreal, el mandatario estatal, David Monreal \u00c1vila, subray\u00f3 que el eje de la administraci\u00f3n es gobernar con \u201chonestidad, coraz\u00f3n, amor y compromiso, me voy a entregar con tiempo, esfuerzo y talento a Zacatecas; lo m\u00e1s importante es la conciencia y demostrar que s\u00ed se pueden lograr grandes cosas\u201d.<br><br>Se\u00f1al\u00f3 que la Feria del Empleo para las Juventudes se complementa con programas como \u201cTu primer empleo\u201d y cursos de capacitaci\u00f3n para j\u00f3venes que no estudian, con el fin de facilitar su incorporaci\u00f3n al mercado laboral.<br><br>La Presidenta Honor\u00edfica del SEDIF, Sara Hern\u00e1ndez de Monreal, destac\u00f3 el impacto del programa de externaci\u00f3n implementado en las casas asistenciales, iniciativa que busca brindar acompa\u00f1amiento integral a j\u00f3venes que cumplen la mayor\u00eda de edad y egresan de estos centros.<br><br>\u201cCuando cumplen los 18 a\u00f1os de edad, trabajamos un programa muy importante para poder sacarlos a la sociedad, pero no solamente abrirles las puertas de casa hogar y exponerlos a todo tipo de peligros, sino encaminarlos a un proyecto que les guste: al estudio, a un emprendimiento, a tener una vida plena\u201d, expres\u00f3.<br><br>Resalt\u00f3 la historia de Jatziri, una joven que actualmente estudia en la Universidad, trabaja y se ha convertido en un ejemplo de superaci\u00f3n; \u201cnos sentimos muy orgullosos porque creo que en ning\u00fan estado de la Rep\u00fablica se est\u00e1 manejando un programa como este, nosotros les damos seguimiento y hemos tenido casos de \u00e9xito que nos motivan a seguir tocando puertas\u201d.<br><br>Colocadas con empleo formal, m\u00e1s de 9 mil personas <br><br>En representaci\u00f3n del Secretario de Econom\u00eda, Jorge Miranda Castro, Maricruz Gonz\u00e1lez Ruvalcaba, subsecretaria del Servicio Nacional del Empleo, destac\u00f3 que este esfuerzo es resultado de la uni\u00f3n entre el Plan M\u00e9xico impulsado por la Presidenta Claudia Sheinbaum Pardo y la visi\u00f3n del Gobernador David Monreal \u00c1vila, cuyo liderazgo ha consolidado un modelo de bienestar basado en oportunidades laborales, desarrollo econ\u00f3mico y regeneraci\u00f3n del tejido social.<br><br>Durante la actual administraci\u00f3n estatal, a trav\u00e9s de la Secretar\u00eda de Econom\u00eda y el Servicio Nacional del Empleo, se han llevado a cabo 32 ferias laborales, con la participaci\u00f3n de m\u00e1s de 800 empresas, la oferta de 16 mil 542 vacantes y la atenci\u00f3n de m\u00e1s de 24 mil 500 buscadores de empleo, de los cuales m\u00e1s de 9 mil zacatecanos han sido colocados en empleos formales.<br><br>Adem\u00e1s, con la bolsa de trabajo, se han atendido a casi 60 mil personas, ofreciendo m\u00e1s de 56 mil vacantes, lo que representa un impacto directo en la estabilidad econ\u00f3mica de las familias zacatecanas y la consolidaci\u00f3n de la paz social.<br><br>Destac\u00f3 los logros en movilidad laboral internacional, con m\u00e1s de 2 mil 250 personas integradas a programas de trabajo en Estados Unidos y Canad\u00e1, as\u00ed como la vinculaci\u00f3n de m\u00e1s de 1 mil 600 jornaleros agr\u00edcolas en empleos formales en el campo.<br><br>En materia de capacitaci\u00f3n, se han otorgado m\u00e1s de 700 cursos de autoempleo, con m\u00e1s de 12 mil becas, respaldadas por una inversi\u00f3n superior a 62 millones de pesos, lo que ha permitido impulsar el emprendimiento juvenil y el talento local.<br><br>Transformar vidas<br><br>El Director General del Instituto de la Juventud, Mauricio Acevedo Rodr\u00edguez, destac\u00f3 que la feria \u201crepresenta una gran oportunidad para transformar la vida de m\u00e1s de un joven en Zacatecas\u201d.<br><br>Subray\u00f3 que las vacantes est\u00e1n orientadas tanto a perfiles t\u00e9cnicos de bachillerato como de licenciatura, lo que permite abrir posibilidades de inserci\u00f3n laboral a un amplio sector de la poblaci\u00f3n juvenil.<br><br>Tuvieron participaci\u00f3n en el evento las secretarias de Obras P\u00fablicas, Mildret Karla Montes Inch\u00e1urregui, y de Desarrollo Urbano, Vivienda y Ordenamiento Territorial, Luz Eugenia P\u00e9rez Haro; Alexander Maldonado Camarillo, encargado de la Comisi\u00f3n Reclutadora para la Guardia Nacional; Jorge Ad\u00e1n Hern\u00e1ndez L\u00f3pez, director de Vinculaci\u00f3n y Seguimiento del Programa J\u00f3venes Construyendo el Futuro; Mario Antonio Galicia Burgos, fiscal especializado en Combate al Secuestro, Extorsi\u00f3n y Delitos de Alto Impacto de la Fiscal\u00eda General de Justicia del Estado de Zacatecas, y Julio C\u00e9sar P\u00e9rez Haro, en la representaci\u00f3n de la Secretar\u00eda de Seguridad P\u00fablica.<br><br>El Gobierno de Zacatecas invita a visitar el sitio web: https:\/\/4toinformedavidmonrealavila.zacatecas.gob.mx\/, donde se concentran los detalles del 4to Informe de Resultados; ah\u00ed encontrar\u00e1n videos, galer\u00edas y redes sociales, adem\u00e1s de un chatbot para dar respuesta a las inquietudes ciudadanas sobre datos y avances gubernamentales.<br><br>\u2014ooOoo\u2014<\/p>\n","protected":false},"excerpt":{"rendered":"<p>\u25aa\ufe0f&nbsp; Se tuvo participaci\u00f3n de 25 empresas y 120 emprendedores\u25aa\ufe0f&nbsp; Se instalaron m\u00f3dulos informativos sobre programas como J\u00f3venes Construyendo el Futuro y Movilidad Laboral Zacatecas, Zac., 3 de septiembre de 2025.- El Gobernador David Monreal \u00c1vila encabez\u00f3 la Feria Nacional de Empleo para las Juventudes 2025, un ejercicio estrat\u00e9gico de vinculaci\u00f3n directa entre el sector [&hellip;]<\/p>\n","protected":false},"author":3,"featured_media":23569,"comment_status":"open","ping_status":"open","sticky":false,"template":"","format":"standard","meta":{"footnotes":""},"categories":[4,22,6],"tags":[],"class_list":["post-23570","post","type-post","status-publish","format-standard","has-post-thumbnail","hentry","category-webgobierno","category-gobierno","category-webmunicipios"],"jetpack_featured_media_url":"http:\/\/web-zac.com\/wp-content\/uploads\/2025\/09\/IMG-20250903-WA0159.jpg","_links":{"self":[{"href":"http:\/\/web-zac.com\/index.php?rest_route=\/wp\/v2\/posts\/23570","targetHints":{"allow":["GET"]}}],"collection":[{"href":"http:\/\/web-zac.com\/index.php?rest_route=\/wp\/v2\/posts"}],"about":[{"href":"http:\/\/web-zac.com\/index.php?rest_route=\/wp\/v2\/types\/post"}],"author":[{"embeddable":true,"href":"http:\/\/web-zac.com\/index.php?rest_route=\/wp\/v2\/users\/3"}],"replies":[{"embeddable":true,"href":"http:\/\/web-zac.com\/index.php?rest_route=%2Fwp%2Fv2%2Fcomments&post=23570"}],"version-history":[{"count":1,"href":"http:\/\/web-zac.com\/index.php?rest_route=\/wp\/v2\/posts\/23570\/revisions"}],"predecessor-version":[{"id":23571,"href":"http:\/\/web-zac.com\/index.php?rest_route=\/wp\/v2\/posts\/23570\/revisions\/23571"}],"wp:featuredmedia":[{"embeddable":true,"href":"http:\/\/web-zac.com\/index.php?rest_route=\/wp\/v2\/media\/23569"}],"wp:attachment":[{"href":"http:\/\/web-zac.com\/index.php?rest_route=%2Fwp%2Fv2%2Fmedia&parent=23570"}],"wp:term":[{"taxonomy":"category","embeddable":true,"href":"http:\/\/web-zac.com\/index.php?rest_route=%2Fwp%2Fv2%2Fcategories&post=23570"},{"taxonomy":"post_tag","embeddable":true,"href":"http:\/\/web-zac.com\/index.php?rest_route=%2Fwp%2Fv2%2Ftags&post=23570"}],"curies":[{"name":"wp","href":"https:\/\/api.w.org\/{rel}","templated":true}]}}