{"id":23406,"date":"2025-08-11T20:25:00","date_gmt":"2025-08-12T01:25:00","guid":{"rendered":"http:\/\/web-zac.com\/?p=23406"},"modified":"2025-08-11T20:25:22","modified_gmt":"2025-08-12T01:25:22","slug":"invita-gobierno-de-zacatecas-a-feria-escolar-2025-para-apoyar-regreso-a-clases-y-consumo-local","status":"publish","type":"post","link":"http:\/\/web-zac.com\/?p=23406","title":{"rendered":"Invita Gobierno de Zacatecas a Feria Escolar 2025 para apoyar regreso a clases y consumo local"},"content":{"rendered":"\n<p><br><br>\u25aa\ufe0f&nbsp; Del 14 de agosto al 1 de septiembre, se instalar\u00e1 en Plaza Bicentenario <br>\u25aa\ufe0f&nbsp; Se pondr\u00e1 a disposici\u00f3n de la ciudadan\u00eda todo lo necesario para el regreso a clases con los mejores precios y calidad<br>\u25aa\ufe0f&nbsp; Participar\u00e1n 30 negocios locales formalmente establecidos, con art\u00edculos como \u00fatiles escolares, mochilas, calzado, tecnolog\u00eda y m\u00e1s<br><br>Zacatecas, Zac., 11 de agosto de 2025.- Con el objetivo de apoyar a las familias durante la temporada previa al regreso a clases e impulsar la econom\u00eda local, el Gobierno de Zacatecas, que encabeza el mandatario estatal, David Monreal \u00c1vila, convoca a la ciudadan\u00eda a participar en la Feria Escolar 2025, que se llevar\u00e1 a cabo del 14 de agosto al 1 de septiembre en la Plaza Bicentenario, en el centro hist\u00f3rico de la capital.<br><br>La Feria contar\u00e1 con la participaci\u00f3n de 30 expositores con registro ante el Servicio de Administraci\u00f3n Tributaria (SAT) y en cumplimiento con la normatividad vigente en materia de comercio del estado.<br><br>Este evento garantiza a las familias zacatecanas acceso a productos escolares de calidad, ofrecidos por proveedores responsables y comprometidos con el desarrollo econ\u00f3mico local.<br><br>Durante los 19 d\u00edas se pondr\u00e1 a disposici\u00f3n del p\u00fablico una amplia gama de productos esenciales para el regreso a clases, entre los que destacan \u00fatiles escolares, mochilas, calzado escolar, papeler\u00eda, tecnolog\u00eda y art\u00edculos diversos relacionados con el inicio del ciclo escolar.<br><br>Se contar\u00e1 con la participaci\u00f3n de Fondo Plata y la Procuradur\u00eda Federal del Consumidor (Profeco), quienes brindar\u00e1n acompa\u00f1amiento y orientaci\u00f3n a las y los consumidores para garantizar el respeto a sus derechos.<br><br>El evento estar\u00e1 abierto al p\u00fablico de 10:00 a 21:00 horas, para facilitar el acceso a madres, padres, tutores y estudiantes, que deseen realizar sus compras con tranquilidad, comparar precios y aprovechar la diversidad de productos ofrecidos por los negocios locales.<br><br>La sede, Plaza Bicentenario de la capital del estado, ofrece un espacio c\u00e9ntrico y adecuado para este tipo de actividades.<br><br>El Secretario de Econom\u00eda, Jorge Miranda Castro, destac\u00f3 que la Feria Escolar 2025 no s\u00f3lo representa una alternativa accesible para las familias, sino tambi\u00e9n una estrategia concreta para impulsar la derrama econ\u00f3mica en sectores clave como el de las papeler\u00edas, zapater\u00edas y proveedores de tecnolog\u00eda.<br><br>Subray\u00f3 que el Gobierno de Zacatecas trabaja permanentemente para fortalecer a las micro, peque\u00f1as y medianas empresas (MiPyMes), mediante acciones que fomenten el consumo local y promuevan la formalidad.<br><br>\u201cLa Feria Escolar 2025 es un reflejo del compromiso que hemos asumido, bajo la visi\u00f3n del Gobernador David Monreal \u00c1vila, para construir un Zacatecas m\u00e1s fuerte desde lo local, donde las y los emprendedores formales encuentren condiciones reales para crecer, y donde las familias puedan acceder a productos de calidad sin afectar su econom\u00eda\u201d, expres\u00f3 el Secretario de Econom\u00eda, Jorge Miranda Castro.<br><br>Con este tipo de iniciativas, el Gobierno de Zacatecas reitera su apuesta por una econom\u00eda solidaria y cercana a la gente, que privilegia el desarrollo con sentido social.<br><br>La Feria Escolar 2025 se consolida como un punto de encuentro entre la ciudadan\u00eda y los sectores productivos formales, con beneficios mutuos y de alto impacto para la comunidad.<br><br>Se hizo la invitaci\u00f3n a las familias a asistir y aprovechar esta oportunidad para realizar sus compras escolares de forma segura, accesible y contribuir al crecimiento de los negocios zacatecanos.<br><br>\u2014ooOoo\u2014<\/p>\n","protected":false},"excerpt":{"rendered":"<p>\u25aa\ufe0f&nbsp; Del 14 de agosto al 1 de septiembre, se instalar\u00e1 en Plaza Bicentenario \u25aa\ufe0f&nbsp; Se pondr\u00e1 a disposici\u00f3n de la ciudadan\u00eda todo lo necesario para el regreso a clases con los mejores precios y calidad\u25aa\ufe0f&nbsp; Participar\u00e1n 30 negocios locales formalmente establecidos, con art\u00edculos como \u00fatiles escolares, mochilas, calzado, tecnolog\u00eda y m\u00e1s Zacatecas, Zac., 11 [&hellip;]<\/p>\n","protected":false},"author":3,"featured_media":23405,"comment_status":"open","ping_status":"open","sticky":false,"template":"","format":"standard","meta":{"footnotes":""},"categories":[4,19,22,23,21,6,18],"tags":[],"class_list":["post-23406","post","type-post","status-publish","format-standard","has-post-thumbnail","hentry","category-webgobierno","category-fresnillo","category-gobierno","category-guadalupe","category-jerez","category-webmunicipios","category-zacatecas"],"jetpack_featured_media_url":"http:\/\/web-zac.com\/wp-content\/uploads\/2025\/08\/IMG-20250811-WA0082.jpg","_links":{"self":[{"href":"http:\/\/web-zac.com\/index.php?rest_route=\/wp\/v2\/posts\/23406","targetHints":{"allow":["GET"]}}],"collection":[{"href":"http:\/\/web-zac.com\/index.php?rest_route=\/wp\/v2\/posts"}],"about":[{"href":"http:\/\/web-zac.com\/index.php?rest_route=\/wp\/v2\/types\/post"}],"author":[{"embeddable":true,"href":"http:\/\/web-zac.com\/index.php?rest_route=\/wp\/v2\/users\/3"}],"replies":[{"embeddable":true,"href":"http:\/\/web-zac.com\/index.php?rest_route=%2Fwp%2Fv2%2Fcomments&post=23406"}],"version-history":[{"count":1,"href":"http:\/\/web-zac.com\/index.php?rest_route=\/wp\/v2\/posts\/23406\/revisions"}],"predecessor-version":[{"id":23407,"href":"http:\/\/web-zac.com\/index.php?rest_route=\/wp\/v2\/posts\/23406\/revisions\/23407"}],"wp:featuredmedia":[{"embeddable":true,"href":"http:\/\/web-zac.com\/index.php?rest_route=\/wp\/v2\/media\/23405"}],"wp:attachment":[{"href":"http:\/\/web-zac.com\/index.php?rest_route=%2Fwp%2Fv2%2Fmedia&parent=23406"}],"wp:term":[{"taxonomy":"category","embeddable":true,"href":"http:\/\/web-zac.com\/index.php?rest_route=%2Fwp%2Fv2%2Fcategories&post=23406"},{"taxonomy":"post_tag","embeddable":true,"href":"http:\/\/web-zac.com\/index.php?rest_route=%2Fwp%2Fv2%2Ftags&post=23406"}],"curies":[{"name":"wp","href":"https:\/\/api.w.org\/{rel}","templated":true}]}}