{"id":23118,"date":"2025-07-02T19:32:34","date_gmt":"2025-07-03T00:32:34","guid":{"rendered":"http:\/\/web-zac.com\/?p=23118"},"modified":"2025-07-02T19:33:40","modified_gmt":"2025-07-03T00:33:40","slug":"zacatecas-recupera-su-paz-gracias-al-trabajo-valiente-de-la-guardia-nacional-gobernador-david-monreal-al-conmemorar-el-sexto-aniversario-de-la-corporacion","status":"publish","type":"post","link":"http:\/\/web-zac.com\/?p=23118","title":{"rendered":"Zacatecas recupera su paz gracias al trabajo valiente de la Guardia Nacional: Gobernador David Monreal al conmemorar el sexto aniversario de la corporaci\u00f3n"},"content":{"rendered":"\n<p> <br><br>\u25aa\ufe0f El mandatario expres\u00f3 su gratitud a los 130 mil elementos que conforman la GN, de manera particular a los 1 mil 400 que est\u00e1n desplegados en el territorio zacatecano<br>\u25aa\ufe0f Les dijo que una buena parte de los resultados en seguridad se deben a su decidido compromiso con la poblaci\u00f3n <br><br>Fresnillo, Zac., 2 de julio de 2025.-&nbsp; Al conmemorar el sexto aniversario de la Guardia Nacional (GN), el Gobernador de Zacatecas, David Monreal \u00c1vila,&nbsp; asegur\u00f3 que, con enorme responsabilidad, se puede afirmar que este estado, luego de atravesar momentos muy cr\u00edticos, recupera su paz y una buena parte de esa transformaci\u00f3n se debe a la valiente participaci\u00f3n de la corporaci\u00f3n que hoy celebra un a\u00f1o m\u00e1s de existencia. <br><br>Motivo por el cual, desde el Quinto Batall\u00f3n de la GN en Fresnillo, a nombre de las y los zacatecanos, expres\u00f3 su gratitud a los 130 mil elementos que conforman la corporaci\u00f3n, de manera particular a los 1 mil 400 que est\u00e1n desplegados en el territorio estatal, organizados en siete compa\u00f1\u00edas, trabajando en favor de la paz y el bienestar de la poblaci\u00f3n. <br><br>Acompa\u00f1ado de los integrantes de la Mesa Estatal de Construcci\u00f3n de Paz, pero particularmente de la tropa, los mandos y los administrativos que conforman la GN, el Gobernador record\u00f3 que \u00e9sta es una de las instituciones m\u00e1s j\u00f3venes del pa\u00eds que se ha ganado el cari\u00f1o del pueblo de M\u00e9xico.<br><br>Bajo el liderazgo de la Presidenta Claudia Sheinbaum, \u201ccuando vemos su recorrer por las carreteras y sus operativo, podemos apreciar la grandeza, la importancia de esta enorme corporaci\u00f3n, conformada por gente honorable, valiente, leal y comprometida con el pueblo y la patria\u201d.<br><br>En ese sentido, el Gobernador David Monreal aprovech\u00f3 para hacer un llamado a seguir consolidando la estrategia nacional de seguridad y hacer a un lado improvisaci\u00f3n que se observa en la intenci\u00f3n de algunos municipios de querer romper la coordinaci\u00f3n operativa de la Guardia Nacional, el Ej\u00e9rcito Mexicano, las polic\u00edas estatales, de vialidad y municipales, las fiscal\u00edas y muchas otras instituciones. <br><br>\u201cNo deja de preocupar que haya decisiones en los municipios que rompan con esa coordinaci\u00f3n, no se trata de arrebatar las tareas de seguridad p\u00fablica o vial al estado que adem\u00e1s es ir en contra de la norma, sino que es fragmentar la estratega de coordinaci\u00f3n que ha costado a\u00f1os y se que se debe fortalecer\u201d, se\u00f1al\u00f3. <br><br>Exhort\u00f3 a&nbsp; no&nbsp; desarticular el trabajo de coordinaci\u00f3n, por ejemplo en Fresnillo, una regi\u00f3n en donde lo m\u00e1s importante debe ser la seguridad p\u00fablica porque hace a\u00f1os lleg\u00f3 a ser la ciudad m\u00e1s insegura del pa\u00eds y ha costado mucho sacarla de ah\u00ed. <br><br>Record\u00f3 que en el a\u00f1o 2021, el Estado de Fuerza de la polic\u00eda municipal de Fresnillo era de 83 elementos, cuando debi\u00f3 haber tenido 433 polic\u00edas; en 2022, disminuy\u00f3 a 63 polic\u00edas, con d\u00e9ficit de 370; en 2023 eran 56 polic\u00edas para tres turnos; en 2024, 59; hoy, en 2025, hay 119 polic\u00edas, de ah\u00ed la importancia no dar marcha atr\u00e1s en la estrategia de resultados, \u201cno daremos marcha atr\u00e1s\u201d. <br><br>El mandatario David Monreal \u00c1vila dijo que esta administraci\u00f3n ser\u00e1 recordada como aquella que le devolvi\u00f3 la paz a Zacatecas, un logro que se debe al trabajo firme y valiente de las diferentes corporaciones y de la Guardia Nacional que escucha, orienta, protege, lleva servicios, hace presencia institucional y da esperanza, lo cual, en tiempos marcados por el miedo, vale oro.<br><br>De igual manera, el Gobernador expres\u00f3 su solidaridad a las familias que han perdido a ser querido en el cumplimiento de su deber; asimismo, reconoci\u00f3 al Coordinador Estatal, Vicente Dimayuga Canales porque su liderazgo ha sido clave para consolidar los resultados.<br><br>Por su parte, Dimayuga Canales, coordinador de la Guardia Nacional en Zacatecas, destac\u00f3 que la buena coordinaci\u00f3n, el compromiso y amor por el pueblo de la corporaci\u00f3n ha sido clave para los resultados tangibles obtenidos en la entidad, con el apoyo y liderazgo del Gobernador David Monreal.<br><br>\u201cLa estrategia (de pacificaci\u00f3n) funciona y cada d\u00eda da mejores resultados, lo cual no ser\u00eda posible sin la Guardia Nacional, para quien hoy tambi\u00e9n es un d\u00eda para recordar y rendir homenaje a los que vistieron el uniforme y perdieron la vida por su vocaci\u00f3n de servicio\u201d, a\u00f1adi\u00f3.&nbsp; <br><br>Cabe se\u00f1alar que, durante el acto conmemorativo, el Gobernador y el Coordinador de la GN en Zacatecas, entregaron reconocimientos a elementos destacados en operaciones, entre ellos: Jos\u00e9 Santos, Sergio Mart\u00ednez, Marcos Arreola, Emiliana Torres, Fernando Galv\u00e1n, por mencionar algunos.<br><br>Estuvieron adem\u00e1s presentes en la celebraci\u00f3n, los Secretarios General de Gobierno y de Seguridad, Rodrigo Reyes Mug\u00fcerza y Arturo Medina Mayoral, respectivamente; el Fiscal de Justicia del Estado, Cristian Paul Camacho Osnaya; el Magistrado Presidente del Tribunal Superior de Justicia, Carlos Villegas M\u00e1rquez, entre otras autoridades. <br><br>\u2014ooOoo\u2014<\/p>\n","protected":false},"excerpt":{"rendered":"<p>\u25aa\ufe0f El mandatario expres\u00f3 su gratitud a los 130 mil elementos que conforman la GN, de manera particular a los 1 mil 400 que est\u00e1n desplegados en el territorio zacatecano\u25aa\ufe0f Les dijo que una buena parte de los resultados en seguridad se deben a su decidido compromiso con la poblaci\u00f3n Fresnillo, Zac., 2 de julio [&hellip;]<\/p>\n","protected":false},"author":3,"featured_media":23117,"comment_status":"open","ping_status":"open","sticky":false,"template":"","format":"standard","meta":{"footnotes":""},"categories":[4,22,6],"tags":[],"class_list":["post-23118","post","type-post","status-publish","format-standard","has-post-thumbnail","hentry","category-webgobierno","category-gobierno","category-webmunicipios"],"jetpack_featured_media_url":"http:\/\/web-zac.com\/wp-content\/uploads\/2025\/07\/IMG-20250702-WA0064.jpg","_links":{"self":[{"href":"http:\/\/web-zac.com\/index.php?rest_route=\/wp\/v2\/posts\/23118","targetHints":{"allow":["GET"]}}],"collection":[{"href":"http:\/\/web-zac.com\/index.php?rest_route=\/wp\/v2\/posts"}],"about":[{"href":"http:\/\/web-zac.com\/index.php?rest_route=\/wp\/v2\/types\/post"}],"author":[{"embeddable":true,"href":"http:\/\/web-zac.com\/index.php?rest_route=\/wp\/v2\/users\/3"}],"replies":[{"embeddable":true,"href":"http:\/\/web-zac.com\/index.php?rest_route=%2Fwp%2Fv2%2Fcomments&post=23118"}],"version-history":[{"count":1,"href":"http:\/\/web-zac.com\/index.php?rest_route=\/wp\/v2\/posts\/23118\/revisions"}],"predecessor-version":[{"id":23119,"href":"http:\/\/web-zac.com\/index.php?rest_route=\/wp\/v2\/posts\/23118\/revisions\/23119"}],"wp:featuredmedia":[{"embeddable":true,"href":"http:\/\/web-zac.com\/index.php?rest_route=\/wp\/v2\/media\/23117"}],"wp:attachment":[{"href":"http:\/\/web-zac.com\/index.php?rest_route=%2Fwp%2Fv2%2Fmedia&parent=23118"}],"wp:term":[{"taxonomy":"category","embeddable":true,"href":"http:\/\/web-zac.com\/index.php?rest_route=%2Fwp%2Fv2%2Fcategories&post=23118"},{"taxonomy":"post_tag","embeddable":true,"href":"http:\/\/web-zac.com\/index.php?rest_route=%2Fwp%2Fv2%2Ftags&post=23118"}],"curies":[{"name":"wp","href":"https:\/\/api.w.org\/{rel}","templated":true}]}}