{"id":22502,"date":"2025-03-03T07:06:31","date_gmt":"2025-03-03T13:06:31","guid":{"rendered":"http:\/\/web-zac.com\/?p=22502"},"modified":"2025-03-03T07:07:52","modified_gmt":"2025-03-03T13:07:52","slug":"exito-rotundo-arranque-del-festivalvive-zacatecas","status":"publish","type":"post","link":"http:\/\/web-zac.com\/?p=22502","title":{"rendered":"\u00c9XITO ROTUNDO ARRANQUE DEL FESTIVAL<br>\u00a1VIVE ZACATECAS!"},"content":{"rendered":"\n<p><br><br>\u2022\tM\u00e1s de 5 mil asistentes disfrutaron del concierto gratuito de Francisco C\u00e9spedes, organizado por el Ayuntamiento de Zacatecas.<br><br>Zacatecas, Zac.- Con gran \u00e9xito se celebr\u00f3 el concierto de Francisco C\u00e9spedes como parte del Festival \u00a1Vive Zacatecas!, una iniciativa organizada por el Ayuntamiento de Zacatecas, bajo el liderazgo del alcalde Miguel Varela.<br><br>La Plaza de Armas fue el escenario perfecto para recibir a m\u00e1s de 5 mil asistentes, quienes disfrutaron de una velada inolvidable llena de romanticismo y m\u00fasica de alta calidad.<br><br>El Festival \u00a1Vive Zacatecas! busca posicionarse como un referente cultural y tur\u00edstico en la capital del estado, ofreciendo espect\u00e1culos gratuitos mes con mes, que adem\u00e1s de fortalecer el entretenimiento local, tienen como objetivo atraer turismo y reactivar la econom\u00eda del municipio.<br><br>El alcalde Miguel Varela destac\u00f3 la importancia de este tipo de actividades que dan a conocer la riqueza cultural de Zacatecas como destino tur\u00edstico, uno de los pilares de su administraci\u00f3n.<br><br>El concierto de Francisco C\u00e9spedes marc\u00f3 el inicio de una serie de presentaciones art\u00edsticas que incluir\u00e1n a reconocidos cantantes y agrupaciones nacionales e internacionales.<br><br>Los asistentes, tanto locales como turistas, aplaudieron la iniciativa del gobierno municipal de ofrecer eventos de calidad sin costo alguno, lo que, sin duda, contribuye a la promoci\u00f3n cultural de la capital zacatecana.<br><br>El Festival \u00a1Vive Zacatecas! continuar\u00e1 su programaci\u00f3n en los pr\u00f3ximos meses, con la promesa de seguir trayendo lo mejor del talento art\u00edstico al coraz\u00f3n de la ciudad.<br><br>&#8211; &#8211; &#8211; &#8211; 000 &#8211; &#8211; &#8211; &#8211;<\/p>\n","protected":false},"excerpt":{"rendered":"<p>\u2022 M\u00e1s de 5 mil asistentes disfrutaron del concierto gratuito de Francisco C\u00e9spedes, organizado por el Ayuntamiento de Zacatecas. Zacatecas, Zac.- Con gran \u00e9xito se celebr\u00f3 el concierto de Francisco C\u00e9spedes como parte del Festival \u00a1Vive Zacatecas!, una iniciativa organizada por el Ayuntamiento de Zacatecas, bajo el liderazgo del alcalde Miguel Varela. La Plaza de [&hellip;]<\/p>\n","protected":false},"author":3,"featured_media":22501,"comment_status":"open","ping_status":"open","sticky":false,"template":"","format":"standard","meta":{"footnotes":""},"categories":[6,18],"tags":[],"class_list":["post-22502","post","type-post","status-publish","format-standard","has-post-thumbnail","hentry","category-webmunicipios","category-zacatecas"],"jetpack_featured_media_url":"http:\/\/web-zac.com\/wp-content\/uploads\/2025\/03\/Screenshot_20250303_070735_com_whatsapp_MediaViewActivity.jpg","_links":{"self":[{"href":"http:\/\/web-zac.com\/index.php?rest_route=\/wp\/v2\/posts\/22502","targetHints":{"allow":["GET"]}}],"collection":[{"href":"http:\/\/web-zac.com\/index.php?rest_route=\/wp\/v2\/posts"}],"about":[{"href":"http:\/\/web-zac.com\/index.php?rest_route=\/wp\/v2\/types\/post"}],"author":[{"embeddable":true,"href":"http:\/\/web-zac.com\/index.php?rest_route=\/wp\/v2\/users\/3"}],"replies":[{"embeddable":true,"href":"http:\/\/web-zac.com\/index.php?rest_route=%2Fwp%2Fv2%2Fcomments&post=22502"}],"version-history":[{"count":1,"href":"http:\/\/web-zac.com\/index.php?rest_route=\/wp\/v2\/posts\/22502\/revisions"}],"predecessor-version":[{"id":22503,"href":"http:\/\/web-zac.com\/index.php?rest_route=\/wp\/v2\/posts\/22502\/revisions\/22503"}],"wp:featuredmedia":[{"embeddable":true,"href":"http:\/\/web-zac.com\/index.php?rest_route=\/wp\/v2\/media\/22501"}],"wp:attachment":[{"href":"http:\/\/web-zac.com\/index.php?rest_route=%2Fwp%2Fv2%2Fmedia&parent=22502"}],"wp:term":[{"taxonomy":"category","embeddable":true,"href":"http:\/\/web-zac.com\/index.php?rest_route=%2Fwp%2Fv2%2Fcategories&post=22502"},{"taxonomy":"post_tag","embeddable":true,"href":"http:\/\/web-zac.com\/index.php?rest_route=%2Fwp%2Fv2%2Ftags&post=22502"}],"curies":[{"name":"wp","href":"https:\/\/api.w.org\/{rel}","templated":true}]}}