{"id":22484,"date":"2025-02-26T16:33:44","date_gmt":"2025-02-26T22:33:44","guid":{"rendered":"http:\/\/web-zac.com\/?p=22484"},"modified":"2025-02-26T16:34:04","modified_gmt":"2025-02-26T22:34:04","slug":"recibieron-clases-cerca-de-230-mil-estudiantes-de-educacion-basica-inicial-y-especial-de-zacatecas","status":"publish","type":"post","link":"http:\/\/web-zac.com\/?p=22484","title":{"rendered":"Recibieron clases cerca de 230 mil estudiantes de educaci\u00f3n b\u00e1sica, inicial y especial de Zacatecas"},"content":{"rendered":"\n<p><br><br>\u25aa\ufe0f&nbsp;&nbsp; Destaca Secretaria de Educaci\u00f3n importancia de que las y los estudiantes est\u00e9n en las aulas, donde, adem\u00e1s de conocimiento, adquieren valores<br>\u25aa\ufe0f&nbsp;&nbsp; Est\u00e1n de regreso en su espacio de trabajo 18 mil 257 trabajadores de la educaci\u00f3n, entre docentes, directivos, administrativos y personal de apoyo<br><br>Zacatecas, Zac., 26 de febrero de 2025.- Un total de 2 mil 140 escuelas del r\u00e9gimen federal regresaron a clases para dar atenci\u00f3n a 226 mil 521 estudiantes de educaci\u00f3n inicial, preescolar, primaria, secundaria y especial, en los 58 municipios del estado. <br><br>A nombre del Gobernador David Monreal \u00c1vila, Gabriela Pinedo Morales, secretaria de Educaci\u00f3n, celebr\u00f3 que ni\u00f1as, ni\u00f1os y adolescentes est\u00e9n de regreso en las escuelas, donde, \u201ccon seguridad, se les brinda educaci\u00f3n de calidad, con acciones enfocadas a enriquecer su formaci\u00f3n acad\u00e9mica, social y personal\u201d. <br><br>\u201cLa escuela es un segundo hogar para las infancias y juventudes, y en ellas adquieren no solamente conocimiento, sino valores\u201d, refiri\u00f3. <br><br>Est\u00e1n de regreso 397 alumnas y alumnos de educaci\u00f3n inicial, 38 mil 982 de preescolar, 144 mil 059 de primaria, 41 mil 524 de secundaria y 1 mil 559 de educaci\u00f3n especial. <br><br>Las escuelas que reanudan actividades despu\u00e9s del paro son cinco instituciones de educaci\u00f3n inicial, 611 jardines de ni\u00f1os, 1 mil 357 primarias, 128 secundarias y 37 de educaci\u00f3n especial. <br><br>De igual manera, regresaron a las clases 114 docentes y directivos de educaci\u00f3n inicial, 2 mil 798 de preescolar, 8 mil 685 de primaria, 3 mil 309 de secundaria y 360 de educaci\u00f3n especial. <br><br>Asimismo, est\u00e1 de vuelta un total de 109 administrativos y personal de apoyo en educaci\u00f3n inicial, 391 en preescolar, 767 en primaria, 1 mil 650 en secundaria y 74 en especial.<br><br>Por decisi\u00f3n de las y los docentes, en la regi\u00f3n educativa 12 de Nochistl\u00e1n, regresar\u00e1n a las actividades escolares a partir de este jueves 27 de febrero.&nbsp; <br>\u2014ooOoo\u2014<\/p>\n","protected":false},"excerpt":{"rendered":"<p>\u25aa\ufe0f&nbsp;&nbsp; Destaca Secretaria de Educaci\u00f3n importancia de que las y los estudiantes est\u00e9n en las aulas, donde, adem\u00e1s de conocimiento, adquieren valores\u25aa\ufe0f&nbsp;&nbsp; Est\u00e1n de regreso en su espacio de trabajo 18 mil 257 trabajadores de la educaci\u00f3n, entre docentes, directivos, administrativos y personal de apoyo Zacatecas, Zac., 26 de febrero de 2025.- Un total de [&hellip;]<\/p>\n","protected":false},"author":3,"featured_media":22483,"comment_status":"open","ping_status":"open","sticky":false,"template":"","format":"standard","meta":{"footnotes":""},"categories":[15,4,22,6],"tags":[],"class_list":["post-22484","post","type-post","status-publish","format-standard","has-post-thumbnail","hentry","category-educacion","category-webgobierno","category-gobierno","category-webmunicipios"],"jetpack_featured_media_url":"http:\/\/web-zac.com\/wp-content\/uploads\/2025\/02\/IMG-20250226-WA0093.jpg","_links":{"self":[{"href":"http:\/\/web-zac.com\/index.php?rest_route=\/wp\/v2\/posts\/22484","targetHints":{"allow":["GET"]}}],"collection":[{"href":"http:\/\/web-zac.com\/index.php?rest_route=\/wp\/v2\/posts"}],"about":[{"href":"http:\/\/web-zac.com\/index.php?rest_route=\/wp\/v2\/types\/post"}],"author":[{"embeddable":true,"href":"http:\/\/web-zac.com\/index.php?rest_route=\/wp\/v2\/users\/3"}],"replies":[{"embeddable":true,"href":"http:\/\/web-zac.com\/index.php?rest_route=%2Fwp%2Fv2%2Fcomments&post=22484"}],"version-history":[{"count":1,"href":"http:\/\/web-zac.com\/index.php?rest_route=\/wp\/v2\/posts\/22484\/revisions"}],"predecessor-version":[{"id":22485,"href":"http:\/\/web-zac.com\/index.php?rest_route=\/wp\/v2\/posts\/22484\/revisions\/22485"}],"wp:featuredmedia":[{"embeddable":true,"href":"http:\/\/web-zac.com\/index.php?rest_route=\/wp\/v2\/media\/22483"}],"wp:attachment":[{"href":"http:\/\/web-zac.com\/index.php?rest_route=%2Fwp%2Fv2%2Fmedia&parent=22484"}],"wp:term":[{"taxonomy":"category","embeddable":true,"href":"http:\/\/web-zac.com\/index.php?rest_route=%2Fwp%2Fv2%2Fcategories&post=22484"},{"taxonomy":"post_tag","embeddable":true,"href":"http:\/\/web-zac.com\/index.php?rest_route=%2Fwp%2Fv2%2Ftags&post=22484"}],"curies":[{"name":"wp","href":"https:\/\/api.w.org\/{rel}","templated":true}]}}