{"id":21969,"date":"2024-12-28T10:15:56","date_gmt":"2024-12-28T16:15:56","guid":{"rendered":"http:\/\/web-zac.com\/?p=21969"},"modified":"2024-12-28T10:16:15","modified_gmt":"2024-12-28T16:16:15","slug":"aprobadas-las-modificaciones-a-la-constitucion-politica-local-en-materia-de-reformas-al-poder-judicial","status":"publish","type":"post","link":"http:\/\/web-zac.com\/?p=21969","title":{"rendered":"Aprobadas las modificaciones a la Constituci\u00f3n Pol\u00edtica local en materia de reformas al Poder Judicial"},"content":{"rendered":"\n<p>\n<br>\n<br>\u2022\tLXV Legislatura desarrolla su Primer Periodo Extraordinario de Sesiones, dentro del Primer A\u00f1o de Ejercicio Constitucional. \n<br>\u2022\tLa diputada Isadora Santiva\u00f1ez R\u00edos presidi\u00f3 los trabajos del Periodo Extraordinario de Sesiones.\n<br>\n<br>Mesa Directiva\n<br>Este viernes 27 de diciembre se celebr\u00f3 el Primer Periodo Extraordinario de Sesiones dentro del Primer a\u00f1o de Ejercicio Constitucional de la LXV Legislatura del Estado. En una sesi\u00f3n previa, fue electa la mesa directiva que encabez\u00f3 los trabajos legislativos, la cual estuvo presidida por la diputada Isadora Santiva\u00f1ez R\u00edos, acompa\u00f1ada por la legisladora Maribel Villalpando Haro como vicepresidenta, y el diputado Mart\u00edn \u00c1lvarez Casio y la diputada Ana Mar\u00eda Romo Fonseca como primer y segunda secretarios, respectivamente.\n<br>\n<br>APROBACI\u00d3N\n<br>\n<br>Reformas al Poder Judicial\n<br>Con 22 votos a favor y 2 en contra, fue aprobado en lo general el dictamen presentado por la Comisi\u00f3n Legislativa de Puntos Constitucionales mediante el cual, se armoniza la Constituci\u00f3n del Estado con el contenido de las reformas a la Constituci\u00f3n Pol\u00edtica de los Estados Unidos Mexicanos en materia de reforma del Poder Judicial, publicadas en el Diario Oficial de la Federaci\u00f3n del 15 de septiembre de 2024.\n<br>\n<br>La reforma implica el desarrollo de un proceso electoral local para la renovaci\u00f3n de los cargos de Magistradas y Magistrados del Tribunal Superior de Justicia, del Tribunal de Disciplina Judicial, as\u00ed como de las Juezas y Jueces del Poder Judicial del Estado; la constituci\u00f3n de un \u00d3rgano de Administraci\u00f3n responsable de la administraci\u00f3n y carrera judicial del Poder Judicial; as\u00ed como la creaci\u00f3n de un Tribunal de Disciplina Judicial con independencia t\u00e9cnica, de gesti\u00f3n y para emitir sus resoluciones.\n<br>\n<br>Al momento de registrarse la discusi\u00f3n en lo general, el diputado Carlos Pe\u00f1a Badillo y la diputada Ana Mar\u00eda Romo Fonseca participaron a favor del dictamen; mientras que, para hablar en contra, hizo uso de la tribuna la legisladora Ma. Teresa L\u00f3pez Garc\u00eda.\n<br>\n<br>Durante la discusi\u00f3n del dictamen en lo particular, el diputado Eleuterio Ramos Leal reserv\u00f3 el texto del p\u00e1rrafo segundo del art\u00edculo 96 del dictamen. En el dictamen que present\u00f3 la Comisi\u00f3n de Puntos Constitucionales se contempl\u00f3 establecer en el art\u00edculo 96 de la Constituci\u00f3n Local, que la elecci\u00f3n de cada uno de los cargos que integran los \u00f3rganos jurisdiccionales, es decir, tanto Magistrados como jueces, ser\u00e1 a trav\u00e9s de una elecci\u00f3n estatal.\n<br>\n<br>La propuesta que el legislador Eleuterio Ramos Leal plante\u00f3 en su reserva, es para establecer que para el caso de las Magistradas y los Magistrados del Tribunal Superior de Justicia del Estado, integrantes del Tribunal de Disciplina Judicial, juezas y jueces en materia penal, la elecci\u00f3n se realizar\u00e1 a nivel estatal; y, en lo relativo a juezas y jueces de otras materias, la elecci\u00f3n ser\u00e1 por distritos.\n<br>\n<br>El diputado Carlos Pe\u00f1a Badillo reserv\u00f3 en lo particular, el texto del p\u00e1rrafo tercero del Art\u00edculo 90 Ter del dictamen. En el dictamen aprobado en lo general, se establece que el \u00d3rgano de Administraci\u00f3n Judicial se integrar\u00e1 por tres Consejer\u00edas, una designada por el Gobernador del Estado; una por la Legislatura; y otra por el Pleno del Tribunal Superior de Justicia.\n<br>\n<br>En el planteamiento del legislador Pe\u00f1a Badillo, se propuso que el Pleno del \u00d3rgano de Administraci\u00f3n Judicial se integrara por cinco Consejer\u00edas que durar\u00edan en su encargo seis a\u00f1os improrrogables, de las cuales una ser\u00eda designada por el Gobernador o Gobernadora del Estado; una por la Legislatura, mediante mayor\u00eda simple; y tres por el Pleno del Tribunal Superior de Justicia, por mayor\u00eda. La presidencia del \u00d3rgano durar\u00eda dos a\u00f1os y ser\u00eda rotatoria, en t\u00e9rminos de lo que establezca la ley.\n<br>\n<br>Finalmente, el dictamen fua aprobado en lo particular con la reserva del diputado Eleuterio Ramos Leal, por unanimidad de las y los diputados presentes; mientras que la propuesta del legislador Carlos Pe\u00f1a Badillo tuvo 18 votos en contra y 7 a favor, por lo que fue no avalada.\n<br>\n<br>La Minuta de Decreto ser\u00e1 remitida a los Ayuntamientos para su discusi\u00f3n y aprobaci\u00f3n, por tratarse de una reforma constitucional.\n<br>\n<br>\n<br>\n<br>Durante el apartado de asuntos generales particip\u00f3 la diputada Mar\u00eda Dolores Trejo Calzada.\n<br>\n<br>\n<br>\n<br>Agotados los puntos establecidos para el Periodo Extraordinario de Sesiones, nuevamente asumi\u00f3 funciones la Comisi\u00f3n Permanente.\n<br><\/p>\n","protected":false},"excerpt":{"rendered":"<p>\u2022 LXV Legislatura desarrolla su Primer Periodo Extraordinario de Sesiones, dentro del Primer A\u00f1o de Ejercicio Constitucional. \u2022 La diputada Isadora Santiva\u00f1ez R\u00edos presidi\u00f3 los trabajos del Periodo Extraordinario de Sesiones. Mesa Directiva Este viernes 27 de diciembre se celebr\u00f3 el Primer Periodo Extraordinario de Sesiones dentro del Primer a\u00f1o de Ejercicio Constitucional de la [&hellip;]<\/p>\n","protected":false},"author":3,"featured_media":21968,"comment_status":"open","ping_status":"open","sticky":false,"template":"","format":"standard","meta":{"footnotes":""},"categories":[3],"tags":[],"class_list":["post-21969","post","type-post","status-publish","format-standard","has-post-thumbnail","hentry","category-webpolitica"],"jetpack_featured_media_url":"http:\/\/web-zac.com\/wp-content\/uploads\/2024\/12\/IMG-20241227-WA0107.jpg","_links":{"self":[{"href":"http:\/\/web-zac.com\/index.php?rest_route=\/wp\/v2\/posts\/21969","targetHints":{"allow":["GET"]}}],"collection":[{"href":"http:\/\/web-zac.com\/index.php?rest_route=\/wp\/v2\/posts"}],"about":[{"href":"http:\/\/web-zac.com\/index.php?rest_route=\/wp\/v2\/types\/post"}],"author":[{"embeddable":true,"href":"http:\/\/web-zac.com\/index.php?rest_route=\/wp\/v2\/users\/3"}],"replies":[{"embeddable":true,"href":"http:\/\/web-zac.com\/index.php?rest_route=%2Fwp%2Fv2%2Fcomments&post=21969"}],"version-history":[{"count":1,"href":"http:\/\/web-zac.com\/index.php?rest_route=\/wp\/v2\/posts\/21969\/revisions"}],"predecessor-version":[{"id":21970,"href":"http:\/\/web-zac.com\/index.php?rest_route=\/wp\/v2\/posts\/21969\/revisions\/21970"}],"wp:featuredmedia":[{"embeddable":true,"href":"http:\/\/web-zac.com\/index.php?rest_route=\/wp\/v2\/media\/21968"}],"wp:attachment":[{"href":"http:\/\/web-zac.com\/index.php?rest_route=%2Fwp%2Fv2%2Fmedia&parent=21969"}],"wp:term":[{"taxonomy":"category","embeddable":true,"href":"http:\/\/web-zac.com\/index.php?rest_route=%2Fwp%2Fv2%2Fcategories&post=21969"},{"taxonomy":"post_tag","embeddable":true,"href":"http:\/\/web-zac.com\/index.php?rest_route=%2Fwp%2Fv2%2Ftags&post=21969"}],"curies":[{"name":"wp","href":"https:\/\/api.w.org\/{rel}","templated":true}]}}