{"id":21931,"date":"2024-12-23T09:39:33","date_gmt":"2024-12-23T15:39:33","guid":{"rendered":"http:\/\/web-zac.com\/?p=21931"},"modified":"2025-01-06T13:45:24","modified_gmt":"2025-01-06T19:45:24","slug":"con-posadas-por-la-paz-sedif-entrega-5-mil-apoyos-a-familias-de-sombrerete-y-nochistlan","status":"publish","type":"post","link":"http:\/\/web-zac.com\/?p=21931","title":{"rendered":"Con Posadas por la Paz, SEDIF entrega 5 mil apoyos a&nbsp; familias de Sombrerete y Nochistl\u00e1n"},"content":{"rendered":"\r\n<p><br \/>Sombrerete, Zac., 23 de diciembre de 2024.- El Gobierno encabezado por el mandatario David Monreal \u00c1vila, a trav\u00e9s del Sistema Estatal para el Desarrollo Integral de la Familia (SEDIF), llev\u00f3 a cabo las Posadas por la Paz en los municipios de Nochistl\u00e1n y Sombrerete, distribuyendo cerca de 5 mil apoyos invernales entre las familias de estas demarcaciones.<br \/><br \/>Sara Hern\u00e1ndez de Monreal encabez\u00f3 la entrega de despensas, juguetes, bolos, cobijas y otros art\u00edculos esenciales para enfrentar la temporada invernal; adem\u00e1s, se pusieron a disposici\u00f3n aparatos funcionales a aquellos que lo necesitan, con el fin de apoyar a las personas con discapacidad y mejorar su calidad de vida.<br \/><br \/>En los eventos, se\u00a0 sortearon\u00a0 enseres dom\u00e9sticos y bicicletas, que generaron una gran emoci\u00f3n y participaci\u00f3n de los asistentes.<br \/><br \/>Sara Hern\u00e1ndez destac\u00f3 la importancia de estas actividades, que no solo tienen un componente de apoyo material, sino que tambi\u00e9n buscan fomentar las tradiciones y el esp\u00edritu de la navidad: \u201cEstamos\u00a0 tomando en cuenta a las comunidades, no queremos que ninguna familia se quede sin su cena navide\u00f1a y por eso las despensas contienen implementos para elaborarla\u201d.<br \/><br \/>En las actividades particip\u00f3 el Alcalde de Nochistl\u00e1n, Jos\u00e9 Manuel Manuel Jim\u00e9nez Fuentes; la Presidenta Honor\u00edfica del Sistema Municipal DIF, Catalina Garc\u00eda Donato; as\u00ed como el Alcalde de Sombrerete, Jos\u00e9 Santos Ramiro Hinojoza y su esposa, la Presidenta Honor\u00edfica del Sistema Municipal DIF, Landy Caldera.<br \/><br \/><br \/><\/p>\r\n","protected":false},"excerpt":{"rendered":"<p>Sombrerete, Zac., 23 de diciembre de 2024.- El Gobierno encabezado por el mandatario David Monreal \u00c1vila, a trav\u00e9s del Sistema Estatal para el Desarrollo Integral de la Familia (SEDIF), llev\u00f3 a cabo las Posadas por la Paz en los municipios de Nochistl\u00e1n y Sombrerete, distribuyendo cerca de 5 mil apoyos invernales entre las familias de [&hellip;]<\/p>\n","protected":false},"author":3,"featured_media":21930,"comment_status":"open","ping_status":"open","sticky":false,"template":"","format":"standard","meta":{"footnotes":""},"categories":[4,22,6],"tags":[],"class_list":["post-21931","post","type-post","status-publish","format-standard","has-post-thumbnail","hentry","category-webgobierno","category-gobierno","category-webmunicipios"],"jetpack_featured_media_url":"http:\/\/web-zac.com\/wp-content\/uploads\/2024\/12\/IMG-20241224-WA0011-1-scaled.jpg","_links":{"self":[{"href":"http:\/\/web-zac.com\/index.php?rest_route=\/wp\/v2\/posts\/21931","targetHints":{"allow":["GET"]}}],"collection":[{"href":"http:\/\/web-zac.com\/index.php?rest_route=\/wp\/v2\/posts"}],"about":[{"href":"http:\/\/web-zac.com\/index.php?rest_route=\/wp\/v2\/types\/post"}],"author":[{"embeddable":true,"href":"http:\/\/web-zac.com\/index.php?rest_route=\/wp\/v2\/users\/3"}],"replies":[{"embeddable":true,"href":"http:\/\/web-zac.com\/index.php?rest_route=%2Fwp%2Fv2%2Fcomments&post=21931"}],"version-history":[{"count":2,"href":"http:\/\/web-zac.com\/index.php?rest_route=\/wp\/v2\/posts\/21931\/revisions"}],"predecessor-version":[{"id":22032,"href":"http:\/\/web-zac.com\/index.php?rest_route=\/wp\/v2\/posts\/21931\/revisions\/22032"}],"wp:featuredmedia":[{"embeddable":true,"href":"http:\/\/web-zac.com\/index.php?rest_route=\/wp\/v2\/media\/21930"}],"wp:attachment":[{"href":"http:\/\/web-zac.com\/index.php?rest_route=%2Fwp%2Fv2%2Fmedia&parent=21931"}],"wp:term":[{"taxonomy":"category","embeddable":true,"href":"http:\/\/web-zac.com\/index.php?rest_route=%2Fwp%2Fv2%2Fcategories&post=21931"},{"taxonomy":"post_tag","embeddable":true,"href":"http:\/\/web-zac.com\/index.php?rest_route=%2Fwp%2Fv2%2Ftags&post=21931"}],"curies":[{"name":"wp","href":"https:\/\/api.w.org\/{rel}","templated":true}]}}