{"id":21924,"date":"2024-12-21T13:12:38","date_gmt":"2024-12-21T19:12:38","guid":{"rendered":"http:\/\/web-zac.com\/?p=21924"},"modified":"2024-12-22T13:13:49","modified_gmt":"2024-12-22T19:13:49","slug":"promueve-gobernador-david-monreal-unidad-y-bienestar-en-posada-por-la-paz-en-villa-gonzalez-ortega","status":"publish","type":"post","link":"http:\/\/web-zac.com\/?p=21924","title":{"rendered":"Promueve Gobernador David Monreal unidad y bienestar en Posada por la Paz en Villa Gonz\u00e1lez Ortega"},"content":{"rendered":"\n<p><br><br>Villa Gonz\u00e1lez Ortega, Zac., 20 de diciembre de 2024.- El Gobernador David Monreal \u00c1vila encabez\u00f3 las Posadas por la Paz en el municipio de Villa Gonz\u00e1lez Ortega, donde entreg\u00f3 apoyos alimentarios y reiter\u00f3 su compromiso de trabajar por la paz y el bienestar de las familias zacatecanas.<br><br>En la antesala del 2025, que ser\u00e1 declarado A\u00f1o del Bienestar, el mandatario estatal destac\u00f3 la importancia de fortalecer los lazos sociales como la base para el desarrollo integral de las comunidades y reconoci\u00f3 el esfuerzo de los habitantes de la regi\u00f3n por mantenerse unidos en tiempos desafiantes.<br><br>El mandatario estatal estuvo en las comunidades de Estancia de \u00c1nimas y Baj\u00edo de San Nicol\u00e1s, donde agradeci\u00f3 la colaboraci\u00f3n de las autoridades municipales y l\u00edderes locales, y enfatiz\u00f3 que el progreso de Zacatecas depende del trabajo conjunto entre gobierno y ciudadan\u00eda.<br><br>El mandatario resalt\u00f3 la necesidad de promover valores como la solidaridad y la fraternidad en cada rinc\u00f3n del estado, los que subray\u00f3 como principios fundamentales para superar los retos actuales y construir un entorno m\u00e1s equitativo y arm\u00f3nico para las futuras generaciones.<br><br>\u2014ooOoo\u2014<\/p>\n","protected":false},"excerpt":{"rendered":"<p>Villa Gonz\u00e1lez Ortega, Zac., 20 de diciembre de 2024.- El Gobernador David Monreal \u00c1vila encabez\u00f3 las Posadas por la Paz en el municipio de Villa Gonz\u00e1lez Ortega, donde entreg\u00f3 apoyos alimentarios y reiter\u00f3 su compromiso de trabajar por la paz y el bienestar de las familias zacatecanas. En la antesala del 2025, que ser\u00e1 declarado [&hellip;]<\/p>\n","protected":false},"author":3,"featured_media":21923,"comment_status":"open","ping_status":"open","sticky":false,"template":"","format":"standard","meta":{"footnotes":""},"categories":[4,22,6],"tags":[],"class_list":["post-21924","post","type-post","status-publish","format-standard","has-post-thumbnail","hentry","category-webgobierno","category-gobierno","category-webmunicipios"],"jetpack_featured_media_url":"http:\/\/web-zac.com\/wp-content\/uploads\/2024\/12\/IMG-20241220-WA0109.jpg","_links":{"self":[{"href":"http:\/\/web-zac.com\/index.php?rest_route=\/wp\/v2\/posts\/21924","targetHints":{"allow":["GET"]}}],"collection":[{"href":"http:\/\/web-zac.com\/index.php?rest_route=\/wp\/v2\/posts"}],"about":[{"href":"http:\/\/web-zac.com\/index.php?rest_route=\/wp\/v2\/types\/post"}],"author":[{"embeddable":true,"href":"http:\/\/web-zac.com\/index.php?rest_route=\/wp\/v2\/users\/3"}],"replies":[{"embeddable":true,"href":"http:\/\/web-zac.com\/index.php?rest_route=%2Fwp%2Fv2%2Fcomments&post=21924"}],"version-history":[{"count":1,"href":"http:\/\/web-zac.com\/index.php?rest_route=\/wp\/v2\/posts\/21924\/revisions"}],"predecessor-version":[{"id":21925,"href":"http:\/\/web-zac.com\/index.php?rest_route=\/wp\/v2\/posts\/21924\/revisions\/21925"}],"wp:featuredmedia":[{"embeddable":true,"href":"http:\/\/web-zac.com\/index.php?rest_route=\/wp\/v2\/media\/21923"}],"wp:attachment":[{"href":"http:\/\/web-zac.com\/index.php?rest_route=%2Fwp%2Fv2%2Fmedia&parent=21924"}],"wp:term":[{"taxonomy":"category","embeddable":true,"href":"http:\/\/web-zac.com\/index.php?rest_route=%2Fwp%2Fv2%2Fcategories&post=21924"},{"taxonomy":"post_tag","embeddable":true,"href":"http:\/\/web-zac.com\/index.php?rest_route=%2Fwp%2Fv2%2Ftags&post=21924"}],"curies":[{"name":"wp","href":"https:\/\/api.w.org\/{rel}","templated":true}]}}