{"id":21915,"date":"2024-12-20T09:39:31","date_gmt":"2024-12-20T15:39:31","guid":{"rendered":"http:\/\/web-zac.com\/?p=21915"},"modified":"2024-12-20T09:40:32","modified_gmt":"2024-12-20T15:40:32","slug":"lleva-gobierno-de-zacatecas-posada-por-la-paz-a-familias-de-juchipila","status":"publish","type":"post","link":"http:\/\/web-zac.com\/?p=21915","title":{"rendered":"Lleva Gobierno de Zacatecas Posada por la Paz a familias de Juchipila"},"content":{"rendered":"\n<p><br><br>\u25aa\ufe0fEntregan miles de apoyos, incluyendo despensas para las madres de familia<br><br>Juchipila, Zac., 19 de diciembre de 2024.- En un ambiente festivo y lleno de esperanza, encabezado por la Presidenta Honor\u00edfica del Sistema Estatal para el Desarrollo Integral de la Familia (SEDIF), Sara Hern\u00e1ndez de Monreal, este d\u00eda se llev\u00f3 a cabo la \u201cPosada por la Paz\u201d, en esta cabecera municipal con el objetivo de llevar alegr\u00eda y apoyo a las familias zacatecanas.<br><br>Cientos de familias asistentes recibieron diversas ayudas, como parte de la campa\u00f1a navide\u00f1a promovida por el Gobernador David Monreal \u00c1vila.<br><br>Durante la jornada, se entregaron miles de apoyos, incluyendo despensas recibidas por las madres de familia, bolos y juguetes para los ni\u00f1os, as\u00ed como cobijas para los adultos mayores, con lo que se garantiza un alivio en esta temporada de fr\u00edo.<br><br>Como parte de los esfuerzos para fortalecer el bienestar de las familias zacatecanas, se entregaron mil bultos de cemento a personas de atenci\u00f3n prioritaria, con el objetivo de apoyar la mejora y construcci\u00f3n de viviendas en condiciones vulnerables.<br><br>Ante el Presidente Municipal, Jos\u00e9 Mar\u00eda Castro F\u00e9lix, y su esposa, la Presidenta Honor\u00edfica del Sistema Municipal DIF, Yolanda Flores G\u00f3mez, se realiz\u00f3 un sorteo en el que se rifaron bicicletas, implementos de cocina y electrodom\u00e9sticos, los cuales ser\u00e1n de gran ayuda para muchas familias del estado.<br><br>Sara Hern\u00e1ndez de Monreal expres\u00f3 su satisfacci\u00f3n por poder contribuir a la construcci\u00f3n de un mejor Zacatecas; destac\u00f3 que la administraci\u00f3n del Gobernador David Monreal \u00c1vila trabaja con el compromiso de garantizar el bienestar de las y los zacatecanos, especialmente en esta temporada.<br><br>\u2014ooOoo\u2014<br>[19\/12, 5:48 p.\u00a0m.] Godezac 1: Gobernador David Monreal \u00c1vila es un aliado de las familias de Guadalupe: SEDIF <br><br>Guadalupe, Zac.- 19 de diciembre de 2024.- En el marco de las fiestas decembrinas, el Gobierno del Estado realiz\u00f3, por segunda ocasi\u00f3n, la Posada por la Paz en Guadalupe, en donde, en representaci\u00f3n del Gobernador David Monreal \u00c1vila, el Director General del Sistema Estatal para el Desarrollo Integral de la Familia (SEDIF), Humberto de la Torre Delgado, destac\u00f3 que el mandatario zacatecano es un aliado de esta regi\u00f3n del estado, pues gracias a su liderazgo se realizan acciones en beneficio de las familias guadalupenses. <br><br>En este mismo sentido, resalt\u00f3 que con la pol\u00edtica social implementada con el ex presidente Andr\u00e9s Manuel L\u00f3pez Obrador y la mandataria Claudia Sheinbaum Pardo, el Gobierno de Zacatecas robustece los programas sociales, como el apoyo universal para personas con discapacidad. <br><br>De la Torre Delgado habl\u00f3 a las y los presentes sobre los nuevos programas federales que entrar\u00e1n en vigor a partir del 2025, como M\u00e9dico en tu Casa, con atenci\u00f3n m\u00e9dica domiciliaria, a trav\u00e9s de mil 700 m\u00e9dicos y enfermeros, y la Pensi\u00f3n del Bienestar para mujeres de 60 a 64 a\u00f1os de edad.<br><br>Tambi\u00e9n, el funcionario estatal destac\u00f3 el reconocimiento que Zacatecas ha sido merecedor por los resultados en materia de seguridad, como la disminuci\u00f3n de la incidencia delictiva en la entidad. <br><br>\u2014ooOoo\u2014<\/p>\n","protected":false},"excerpt":{"rendered":"<p>\u25aa\ufe0fEntregan miles de apoyos, incluyendo despensas para las madres de familia Juchipila, Zac., 19 de diciembre de 2024.- En un ambiente festivo y lleno de esperanza, encabezado por la Presidenta Honor\u00edfica del Sistema Estatal para el Desarrollo Integral de la Familia (SEDIF), Sara Hern\u00e1ndez de Monreal, este d\u00eda se llev\u00f3 a cabo la \u201cPosada por [&hellip;]<\/p>\n","protected":false},"author":3,"featured_media":21914,"comment_status":"open","ping_status":"open","sticky":false,"template":"","format":"standard","meta":{"footnotes":""},"categories":[4,22],"tags":[],"class_list":["post-21915","post","type-post","status-publish","format-standard","has-post-thumbnail","hentry","category-webgobierno","category-gobierno"],"jetpack_featured_media_url":"http:\/\/web-zac.com\/wp-content\/uploads\/2024\/12\/IMG-20241219-WA0124.jpg","_links":{"self":[{"href":"http:\/\/web-zac.com\/index.php?rest_route=\/wp\/v2\/posts\/21915","targetHints":{"allow":["GET"]}}],"collection":[{"href":"http:\/\/web-zac.com\/index.php?rest_route=\/wp\/v2\/posts"}],"about":[{"href":"http:\/\/web-zac.com\/index.php?rest_route=\/wp\/v2\/types\/post"}],"author":[{"embeddable":true,"href":"http:\/\/web-zac.com\/index.php?rest_route=\/wp\/v2\/users\/3"}],"replies":[{"embeddable":true,"href":"http:\/\/web-zac.com\/index.php?rest_route=%2Fwp%2Fv2%2Fcomments&post=21915"}],"version-history":[{"count":1,"href":"http:\/\/web-zac.com\/index.php?rest_route=\/wp\/v2\/posts\/21915\/revisions"}],"predecessor-version":[{"id":21916,"href":"http:\/\/web-zac.com\/index.php?rest_route=\/wp\/v2\/posts\/21915\/revisions\/21916"}],"wp:featuredmedia":[{"embeddable":true,"href":"http:\/\/web-zac.com\/index.php?rest_route=\/wp\/v2\/media\/21914"}],"wp:attachment":[{"href":"http:\/\/web-zac.com\/index.php?rest_route=%2Fwp%2Fv2%2Fmedia&parent=21915"}],"wp:term":[{"taxonomy":"category","embeddable":true,"href":"http:\/\/web-zac.com\/index.php?rest_route=%2Fwp%2Fv2%2Fcategories&post=21915"},{"taxonomy":"post_tag","embeddable":true,"href":"http:\/\/web-zac.com\/index.php?rest_route=%2Fwp%2Fv2%2Ftags&post=21915"}],"curies":[{"name":"wp","href":"https:\/\/api.w.org\/{rel}","templated":true}]}}