{"id":21749,"date":"2024-12-02T16:21:50","date_gmt":"2024-12-02T22:21:50","guid":{"rendered":"http:\/\/web-zac.com\/?p=21749"},"modified":"2024-12-02T16:22:11","modified_gmt":"2024-12-02T22:22:11","slug":"anuncia-senador-saul-monreal-asamblea-del-pueblo","status":"publish","type":"post","link":"http:\/\/web-zac.com\/?p=21749","title":{"rendered":"ANUNCIA SENADOR SA\u00daL MONREAL \u201cASAMBLEA DEL PUEBLO\u201d&nbsp;"},"content":{"rendered":"\n<p><br><br>&#8211; Presentar\u00e1 avances en reformas constitucionales&nbsp; <br>&#8211; Exhorta a priorizar carreteras, campo y apoyos sociales en el presupuesto de Zacatecas&nbsp; <br><br>Zacatecas, Zac.- El senador Sa\u00fal Monreal \u00c1vila anunci\u00f3 que el pr\u00f3ximo 15 de diciembre encabezar\u00e1 en Zacatecas la \u201cAsamblea del Pueblo\u201d, un espacio en el que rendir\u00e1 cuentas sobre las reformas constitucionales aprobadas durante el periodo ordinario que concluye ese mismo d\u00eda.&nbsp; <br><br>\u201cEstas reformas legales y constitucionales tienen una trascendencia que, estoy seguro, interesar\u00e1 mucho a la gente\u201d, afirm\u00f3 el legislador.&nbsp; <br><br>Monreal \u00c1vila destac\u00f3 que en este periodo se lograron aprobar m\u00e1s de 14 reformas constitucionales, un hecho que calific\u00f3 como hist\u00f3rico. \u201cMe llena de orgullo ser parte de esta legislatura, en la que hemos discutido y aprobado iniciativas que antes tomaban a\u00f1os\u201d.<br><br>Estamos viviendo una etapa importante en nuestro pa\u00eds, que es la Cuarta Transformaci\u00f3n, asegur\u00f3.&nbsp; <br><br>En conferencia de prensa, el senador inform\u00f3 que la pr\u00f3xima semana se votar\u00e1 el presupuesto de la Ley de Ingresos Federal, destacando que ya fue aprobado en comisiones del Senado.&nbsp; <br><br>Sobre el paquete econ\u00f3mico para Zacatecas, que asciende a 40 mil 122 millones de pesos, se\u00f1al\u00f3 que conf\u00eda en que se concrete y se destine a m\u00e1s acciones en beneficio de la entidad. <br><br>\u201cEste presupuesto debe privilegiar el tema de carreteras, el campo y los apoyos sociales\u201d, puntualiz\u00f3.<\/p>\n","protected":false},"excerpt":{"rendered":"<p>&#8211; Presentar\u00e1 avances en reformas constitucionales&nbsp; &#8211; Exhorta a priorizar carreteras, campo y apoyos sociales en el presupuesto de Zacatecas&nbsp; Zacatecas, Zac.- El senador Sa\u00fal Monreal \u00c1vila anunci\u00f3 que el pr\u00f3ximo 15 de diciembre encabezar\u00e1 en Zacatecas la \u201cAsamblea del Pueblo\u201d, un espacio en el que rendir\u00e1 cuentas sobre las reformas constitucionales aprobadas durante el [&hellip;]<\/p>\n","protected":false},"author":3,"featured_media":21748,"comment_status":"open","ping_status":"open","sticky":false,"template":"","format":"standard","meta":{"footnotes":""},"categories":[3],"tags":[],"class_list":["post-21749","post","type-post","status-publish","format-standard","has-post-thumbnail","hentry","category-webpolitica"],"jetpack_featured_media_url":"http:\/\/web-zac.com\/wp-content\/uploads\/2024\/12\/IMG-20241202-WA0043.jpg","_links":{"self":[{"href":"http:\/\/web-zac.com\/index.php?rest_route=\/wp\/v2\/posts\/21749","targetHints":{"allow":["GET"]}}],"collection":[{"href":"http:\/\/web-zac.com\/index.php?rest_route=\/wp\/v2\/posts"}],"about":[{"href":"http:\/\/web-zac.com\/index.php?rest_route=\/wp\/v2\/types\/post"}],"author":[{"embeddable":true,"href":"http:\/\/web-zac.com\/index.php?rest_route=\/wp\/v2\/users\/3"}],"replies":[{"embeddable":true,"href":"http:\/\/web-zac.com\/index.php?rest_route=%2Fwp%2Fv2%2Fcomments&post=21749"}],"version-history":[{"count":1,"href":"http:\/\/web-zac.com\/index.php?rest_route=\/wp\/v2\/posts\/21749\/revisions"}],"predecessor-version":[{"id":21750,"href":"http:\/\/web-zac.com\/index.php?rest_route=\/wp\/v2\/posts\/21749\/revisions\/21750"}],"wp:featuredmedia":[{"embeddable":true,"href":"http:\/\/web-zac.com\/index.php?rest_route=\/wp\/v2\/media\/21748"}],"wp:attachment":[{"href":"http:\/\/web-zac.com\/index.php?rest_route=%2Fwp%2Fv2%2Fmedia&parent=21749"}],"wp:term":[{"taxonomy":"category","embeddable":true,"href":"http:\/\/web-zac.com\/index.php?rest_route=%2Fwp%2Fv2%2Fcategories&post=21749"},{"taxonomy":"post_tag","embeddable":true,"href":"http:\/\/web-zac.com\/index.php?rest_route=%2Fwp%2Fv2%2Ftags&post=21749"}],"curies":[{"name":"wp","href":"https:\/\/api.w.org\/{rel}","templated":true}]}}