{"id":21743,"date":"2024-12-02T16:14:06","date_gmt":"2024-12-02T22:14:06","guid":{"rendered":"http:\/\/web-zac.com\/?p=21743"},"modified":"2024-12-02T16:14:23","modified_gmt":"2024-12-02T22:14:23","slug":"el-97-batallon-de-infanteria-celebra-el-dia-internacional-del-voluntariado","status":"publish","type":"post","link":"http:\/\/web-zac.com\/?p=21743","title":{"rendered":"El 97 Batall\u00f3n de Infanter\u00eda celebra el D\u00eda Internacional del Voluntariado<br>"},"content":{"rendered":"\n<p><br> En conmemoraci\u00f3n del D\u00eda Internacional del Voluntariado, el 97 Batall\u00f3n de Infanter\u00eda organiz\u00f3 un desayuno especial para reconocer y agradecer la invaluable labor de aquellos que dedican su tiempo y esfuerzo al servicio de los dem\u00e1s.<br><br>El evento se llev\u00f3 a cabo en un ambiente de camarader\u00eda y reflexi\u00f3n, y cont\u00f3 con la destacada presencia de la Sra. Wendy Reveles De Torres, quien dirigi\u00f3 unas palabras a los asistentes resaltando la importancia de la solidaridad y el compromiso en la construcci\u00f3n de comunidades m\u00e1s fuertes y unidas.<br><br>Durante el desayuno, los voluntarios compartieron sus experiencias, fortaleciendo lazos y reafirmando su compromiso con el voluntariado. Hubo un espacio para valorar el impacto positivo que esta labor genera en la sociedad, promoviendo un esp\u00edritu de unidad y colaboraci\u00f3n entre todos los presentes.<br><br>El 97 Batall\u00f3n de Infanter\u00eda expresa su m\u00e1s sincero agradecimiento a todos los voluntarios por su dedicaci\u00f3n y esfuerzo. Se les invita a continuar siendo agentes de cambio en sus comunidades, contribuyendo as\u00ed al bienestar colectivo y al desarrollo social.<\/p>\n","protected":false},"excerpt":{"rendered":"<p>En conmemoraci\u00f3n del D\u00eda Internacional del Voluntariado, el 97 Batall\u00f3n de Infanter\u00eda organiz\u00f3 un desayuno especial para reconocer y agradecer la invaluable labor de aquellos que dedican su tiempo y esfuerzo al servicio de los dem\u00e1s. El evento se llev\u00f3 a cabo en un ambiente de camarader\u00eda y reflexi\u00f3n, y cont\u00f3 con la destacada presencia [&hellip;]<\/p>\n","protected":false},"author":3,"featured_media":21742,"comment_status":"open","ping_status":"open","sticky":false,"template":"","format":"standard","meta":{"footnotes":""},"categories":[23,6],"tags":[],"class_list":["post-21743","post","type-post","status-publish","format-standard","has-post-thumbnail","hentry","category-guadalupe","category-webmunicipios"],"jetpack_featured_media_url":"http:\/\/web-zac.com\/wp-content\/uploads\/2024\/12\/IMG-20241202-WA0125.jpg","_links":{"self":[{"href":"http:\/\/web-zac.com\/index.php?rest_route=\/wp\/v2\/posts\/21743","targetHints":{"allow":["GET"]}}],"collection":[{"href":"http:\/\/web-zac.com\/index.php?rest_route=\/wp\/v2\/posts"}],"about":[{"href":"http:\/\/web-zac.com\/index.php?rest_route=\/wp\/v2\/types\/post"}],"author":[{"embeddable":true,"href":"http:\/\/web-zac.com\/index.php?rest_route=\/wp\/v2\/users\/3"}],"replies":[{"embeddable":true,"href":"http:\/\/web-zac.com\/index.php?rest_route=%2Fwp%2Fv2%2Fcomments&post=21743"}],"version-history":[{"count":1,"href":"http:\/\/web-zac.com\/index.php?rest_route=\/wp\/v2\/posts\/21743\/revisions"}],"predecessor-version":[{"id":21744,"href":"http:\/\/web-zac.com\/index.php?rest_route=\/wp\/v2\/posts\/21743\/revisions\/21744"}],"wp:featuredmedia":[{"embeddable":true,"href":"http:\/\/web-zac.com\/index.php?rest_route=\/wp\/v2\/media\/21742"}],"wp:attachment":[{"href":"http:\/\/web-zac.com\/index.php?rest_route=%2Fwp%2Fv2%2Fmedia&parent=21743"}],"wp:term":[{"taxonomy":"category","embeddable":true,"href":"http:\/\/web-zac.com\/index.php?rest_route=%2Fwp%2Fv2%2Fcategories&post=21743"},{"taxonomy":"post_tag","embeddable":true,"href":"http:\/\/web-zac.com\/index.php?rest_route=%2Fwp%2Fv2%2Ftags&post=21743"}],"curies":[{"name":"wp","href":"https:\/\/api.w.org\/{rel}","templated":true}]}}