{"id":21740,"date":"2024-12-02T09:01:53","date_gmt":"2024-12-02T15:01:53","guid":{"rendered":"http:\/\/web-zac.com\/?p=21740"},"modified":"2024-12-02T09:02:53","modified_gmt":"2024-12-02T15:02:53","slug":"convierte-gobierno-de-zacatecas-el-parque-la-encantada-en-un-magico-cuento-de-navidad","status":"publish","type":"post","link":"http:\/\/web-zac.com\/?p=21740","title":{"rendered":"Convierte Gobierno de Zacatecas el parque La Encantada en un m\u00e1gico cuento de Navidad\n<br>"},"content":{"rendered":"\n<p>\n<br>\uf0a7\tFamilias zacatecanas se re\u00fanen con el Gobernador David Monreal y Sara Hern\u00e1ndez para disfrutar de la inauguraci\u00f3n del Festival en este espacio p\u00fablico \n<br>\uf0a7\tJuegos mec\u00e1nicos y \u00e1rboles iluminados marcan el inicio de una temporada m\u00e1gica\n<br>\uf0a7\tLa interacci\u00f3n de personas y espacios llenos de color impulsan la convivencia social \n<br>\n<br>Zacatecas, Zac., 1 de diciembre de 2024.- La magia navide\u00f1a renaci\u00f3 en el emblem\u00e1tico parque La Encantada, donde cientos de familias se congregaron para el inicio de actividades en un lugar donde los \u00e1rboles se iluminaron y los juegos mec\u00e1nicos emocionaron a ni\u00f1os y adultos.\n<br>\n<br>Entre duendes y Santa Claus, el Gobernador David Monreal \u00c1vila y su esposa Sara Hern\u00e1ndez, inauguraron las actividades de la temporada navide\u00f1a en este espacio p\u00fablico y realizaron un recorrido en el trenecito, que concluy\u00f3 frente a la Rueda de la Fortuna, donde encendieron las luces de los \u00e1rboles, enmarcadas en una fiesta de fuegos artificiales.\n<br>\n<br>El mandatario estatal destac\u00f3 que el evento \u00abNavidad Encantada\u00bb se lleva a cabo en las instalaciones del parque \u00abun refugio, un tesoro y un patrimonio de los zacatecanos\u00bb. \n<br>\n<br>Resalt\u00f3 que las celebraciones navide\u00f1as tambi\u00e9n se llevan a cabo en las comunidades del estado a trav\u00e9s de las \u00abPosadas de la Paz\u00bb, un programa que distribuye canastas navide\u00f1as, cobijas, juguetes y bolos a las familias de escasos recursos. \n<br>\n<br>Asimismo, el Gobernador David Monreal expres\u00f3 su deseo de que estas actividades fortalezcan los lazos familiares en un a\u00f1o que ha sido bueno para el estado, pues las acciones implementadas en coordinaci\u00f3n de los \u00f3rdenes de gobierno y sectores productivos han permitido avanzar hab\u00eda la pacificaci\u00f3n. \n<br>\n<br>La Presidenta Honor\u00edfica del Sistema Estatal Para el Desarrollo Integral de la Familia (SEDIF), Sara Hern\u00e1ndez de Monreal, expres\u00f3 que este festival se ha dise\u00f1ado para unir a las familias y destacar la belleza de Zacatecas, y que va m\u00e1s all\u00e1 de iluminar las calles, porque es un recordatorio del valor de la paz y la convivencia.\n<br>\n<br>Entre risas y un ambiente de fraternidad, los asistentes disfrutaron de juegos mec\u00e1nicos, decoraciones tem\u00e1ticas y espect\u00e1culos de luces reflejadas en el lago, lo que cre\u00f3 un entorno \u00fanico en la ciudad.\n<br>\n<br>Desde los \u00e1rboles envueltos en luces titilantes hasta las cl\u00e1sicas sillitas voladoras y el tradicional trenecito, el parque ofreci\u00f3 m\u00faltiples atractivos que disfrutaron ni\u00f1os, j\u00f3venes y adultos en medio del esp\u00edritu navide\u00f1o.\n<br>\n<br>Las familias caminaban entre senderos iluminados mientras los ni\u00f1os, fascinados, corr\u00edan hacia la rueda de la fortuna que les promet\u00eda vistas impresionantes de los alrededores, con los reflejos del lago y las luces que transformaron la noche en d\u00eda.\n<br>\n<br>Acompa\u00f1ados de un c\u00e1lido ponche y tradicionales bu\u00f1uelos, las y los asistentes disfrutaron de una atm\u00f3sfera que reflej\u00f3 el esfuerzo conjunto del Gobierno de Zacatecas y la comunidad local, \u201cen una experiencia m\u00e1gica que nos une como sociedad y realza nuestras tradiciones\u201d, coment\u00f3 Sara Hern\u00e1ndez de Monreal.\n<br>\n<br>Entre los juegos y la m\u00fasica ambiental, se pudo notar la alegr\u00eda de las personas, que aprovechaban cada rinc\u00f3n del parque para capturar el momento. \u201cLo m\u00e1s lindo es que este festival es para todos, un lugar donde cada familia puede disfrutar y crear recuerdos\u201d, mencionaron los visitantes.\n<br>\n<br>La noche cerr\u00f3 con un espect\u00e1culo de luces que dej\u00f3 a las y los asistentes con el coraz\u00f3n lleno de emociones, al consolidar esta actividad como una de las m\u00e1s queridas del calendario festivo en Zacatecas.\n<br>\n<br><\/p>\n","protected":false},"excerpt":{"rendered":"<p>\uf0a7 Familias zacatecanas se re\u00fanen con el Gobernador David Monreal y Sara Hern\u00e1ndez para disfrutar de la inauguraci\u00f3n del Festival en este espacio p\u00fablico \uf0a7 Juegos mec\u00e1nicos y \u00e1rboles iluminados marcan el inicio de una temporada m\u00e1gica \uf0a7 La interacci\u00f3n de personas y espacios llenos de color impulsan la convivencia social Zacatecas, Zac., 1 de [&hellip;]<\/p>\n","protected":false},"author":3,"featured_media":21739,"comment_status":"open","ping_status":"open","sticky":false,"template":"","format":"standard","meta":{"footnotes":""},"categories":[4,22],"tags":[],"class_list":["post-21740","post","type-post","status-publish","format-standard","has-post-thumbnail","hentry","category-webgobierno","category-gobierno"],"jetpack_featured_media_url":"http:\/\/web-zac.com\/wp-content\/uploads\/2024\/12\/IMG-20241201-WA0082.jpg","_links":{"self":[{"href":"http:\/\/web-zac.com\/index.php?rest_route=\/wp\/v2\/posts\/21740","targetHints":{"allow":["GET"]}}],"collection":[{"href":"http:\/\/web-zac.com\/index.php?rest_route=\/wp\/v2\/posts"}],"about":[{"href":"http:\/\/web-zac.com\/index.php?rest_route=\/wp\/v2\/types\/post"}],"author":[{"embeddable":true,"href":"http:\/\/web-zac.com\/index.php?rest_route=\/wp\/v2\/users\/3"}],"replies":[{"embeddable":true,"href":"http:\/\/web-zac.com\/index.php?rest_route=%2Fwp%2Fv2%2Fcomments&post=21740"}],"version-history":[{"count":1,"href":"http:\/\/web-zac.com\/index.php?rest_route=\/wp\/v2\/posts\/21740\/revisions"}],"predecessor-version":[{"id":21741,"href":"http:\/\/web-zac.com\/index.php?rest_route=\/wp\/v2\/posts\/21740\/revisions\/21741"}],"wp:featuredmedia":[{"embeddable":true,"href":"http:\/\/web-zac.com\/index.php?rest_route=\/wp\/v2\/media\/21739"}],"wp:attachment":[{"href":"http:\/\/web-zac.com\/index.php?rest_route=%2Fwp%2Fv2%2Fmedia&parent=21740"}],"wp:term":[{"taxonomy":"category","embeddable":true,"href":"http:\/\/web-zac.com\/index.php?rest_route=%2Fwp%2Fv2%2Fcategories&post=21740"},{"taxonomy":"post_tag","embeddable":true,"href":"http:\/\/web-zac.com\/index.php?rest_route=%2Fwp%2Fv2%2Ftags&post=21740"}],"curies":[{"name":"wp","href":"https:\/\/api.w.org\/{rel}","templated":true}]}}