{"id":21456,"date":"2024-11-07T19:35:14","date_gmt":"2024-11-08T01:35:14","guid":{"rendered":"http:\/\/web-zac.com\/?p=21456"},"modified":"2024-11-07T20:09:14","modified_gmt":"2024-11-08T02:09:14","slug":"confiamos-en-que-donald-trumprespetara-a-migrantes-monreal","status":"publish","type":"post","link":"http:\/\/web-zac.com\/?p=21456","title":{"rendered":"CONFIAMOS EN QUE DONALD TRUMP<br>RESPETAR\u00c1 A MIGRANTES: MONREAL"},"content":{"rendered":"\n<p><br><br>\u2022\tEl senador de la Rep\u00fablica de MORENA, por<br>el estado de Zacatecas felicit\u00f3 a quien ser\u00e1 el<br>presidente n\u00famero 47 de los Estados Unidos;<br>\u201cuna buena se\u00f1al que la presidenta Claudia<br>Sheinbaum Pardo haya hablado ya con Trump\u201d<br>\u2022\tConfiamos en que habr\u00e1 respeto para los migrantes mexicanos, <br>y pienso en los de mi tierra.<br><br><br>Ciudad de M\u00e9xico. Sa\u00fal Monreal Hace \u00e9nfasis en que cerca de un mill\u00f3n y medio de zacatecanos viven en distintos estados de la Uni\u00f3n Americana.&nbsp; Reconoci\u00f3 que, \u201cexiste algo de incertidumbre lo cual es normal, por el cambio de gobierno, pero que confiamos en que habr\u00e1 respeto para los migrantes de M\u00e9xico, muy en especial, para los de mi tierra\u201d.<br><br>Insisti\u00f3 Monreal \u00c1vila, \u201cen algunos sectores hay una preocupaci\u00f3n natural por la llegada del nuevo presidente de los Estados Unidos, quien en campa\u00f1a amenaz\u00f3 en que habr\u00e1 deportaciones masivas, por nuestra parte, vamos a defender a los mexicanos, a mis paisanos, porque, por encima de cualquier cosa, la soberan\u00eda de M\u00e9xico se debe respetar, vamos a estar muy al pendiente, a partir del 20 de enero de 2025 cuando comienza el gobierno de Trump\u201d, a quien felicit\u00f3 v\u00eda redes sociales por su triunfo.<br><br><br>HABR\u00c1 UNA BUENA RELACI\u00d3N CON ESTADOS UNIDOS<br>El senador Monreal \u00c1vila se mostr\u00f3 confiado en que habr\u00e1 una buena relaci\u00f3n entre M\u00e9xico y Estados Unidos, de hecho, la presidenta de M\u00e9xico, la doctora Claudia Sheinbaum Pardo ya habl\u00f3 con Donald Trump, hasta lo que conocemos, fue una llamada cordial, respetuosa, en donde se reconoci\u00f3 que habr\u00e1 una buena relaci\u00f3n como pa\u00edses y socios comerciales. \u201cLa historia entre ambas naciones no miente, hay un respeto y reconocimiento hacia la comunidad migrante, aunque, el tema migratorio siempre est\u00e1 en la agenda de la discusi\u00f3n\u201d, velaremos porque as\u00ed contin\u00fae, expres\u00f3 el pol\u00edtico zacatecano.<br>\u201cEs del dominio p\u00fablico la aportaci\u00f3n que hace la comunidad migrante de M\u00e9xico a la econom\u00eda de los Estados Unidos, nuestra gente es trabajadora y cumple con sus obligaciones, esta realidad la reconoce el pa\u00eds vecino, porque eso siento, que habr\u00e1 respeto hacia los migrantes, a pesar de las amenazas que en campa\u00f1a lanz\u00f3 quien ser\u00e1 presidente de EU, en enero de 2025\u201d, ataj\u00f3<br><br>RELACI\u00d3N COMERCIAL FUNDAMENTAL<br>Por otro lado, Sa\u00fal Monreal \u00c1vila dijo que la relaci\u00f3n comercial, producto del T-MEC es de suma importancia para M\u00e9xico, Estados Unidos y Canad\u00e1, \u201cEl pa\u00eds vecino tiene clara la importancia de seguir siendo socios comerciales estrat\u00e9gicos\u201d.<br>\u201cNo tengo la menor duda, de que el canciller mexicano, Juan Ram\u00f3n de la Fuente y el secretario de Econom\u00eda, Marcelo Ebrard Casaubon llevar\u00e1n una buena relaci\u00f3n con el gobierno de Donald Trump, ambos pol\u00edticos mexicanos tienen experiencia en llevar a buen puerto las relaciones con Estados Unidos y otros pa\u00edses\u201d, record\u00f3 Monreal \u00c1vila.<br>Finalmente, el senador zacatecano subray\u00f3 en \u201cno adelantar v\u00edsperas de que a los migrantes les ir\u00e1 mal, la propia presidenta de M\u00e9xico hizo ya un llamado a guardar la calma y dejar que lleguen los tiempos del gobierno de Trump, como Gobierno de la Rep\u00fablica respaldaremos a nuestra gente que contribuye tambi\u00e9n a la econom\u00eda de EU\u201d.<\/p>\n","protected":false},"excerpt":{"rendered":"<p>\u2022 El senador de la Rep\u00fablica de MORENA, porel estado de Zacatecas felicit\u00f3 a quien ser\u00e1 elpresidente n\u00famero 47 de los Estados Unidos;\u201cuna buena se\u00f1al que la presidenta ClaudiaSheinbaum Pardo haya hablado ya con Trump\u201d\u2022 Confiamos en que habr\u00e1 respeto para los migrantes mexicanos, y pienso en los de mi tierra. Ciudad de M\u00e9xico. Sa\u00fal [&hellip;]<\/p>\n","protected":false},"author":3,"featured_media":21455,"comment_status":"open","ping_status":"open","sticky":false,"template":"","format":"standard","meta":{"footnotes":""},"categories":[3],"tags":[],"class_list":["post-21456","post","type-post","status-publish","format-standard","has-post-thumbnail","hentry","category-webpolitica"],"jetpack_featured_media_url":"http:\/\/web-zac.com\/wp-content\/uploads\/2024\/11\/IMG-20241107-WA0070-scaled.jpg","_links":{"self":[{"href":"http:\/\/web-zac.com\/index.php?rest_route=\/wp\/v2\/posts\/21456","targetHints":{"allow":["GET"]}}],"collection":[{"href":"http:\/\/web-zac.com\/index.php?rest_route=\/wp\/v2\/posts"}],"about":[{"href":"http:\/\/web-zac.com\/index.php?rest_route=\/wp\/v2\/types\/post"}],"author":[{"embeddable":true,"href":"http:\/\/web-zac.com\/index.php?rest_route=\/wp\/v2\/users\/3"}],"replies":[{"embeddable":true,"href":"http:\/\/web-zac.com\/index.php?rest_route=%2Fwp%2Fv2%2Fcomments&post=21456"}],"version-history":[{"count":1,"href":"http:\/\/web-zac.com\/index.php?rest_route=\/wp\/v2\/posts\/21456\/revisions"}],"predecessor-version":[{"id":21457,"href":"http:\/\/web-zac.com\/index.php?rest_route=\/wp\/v2\/posts\/21456\/revisions\/21457"}],"wp:featuredmedia":[{"embeddable":true,"href":"http:\/\/web-zac.com\/index.php?rest_route=\/wp\/v2\/media\/21455"}],"wp:attachment":[{"href":"http:\/\/web-zac.com\/index.php?rest_route=%2Fwp%2Fv2%2Fmedia&parent=21456"}],"wp:term":[{"taxonomy":"category","embeddable":true,"href":"http:\/\/web-zac.com\/index.php?rest_route=%2Fwp%2Fv2%2Fcategories&post=21456"},{"taxonomy":"post_tag","embeddable":true,"href":"http:\/\/web-zac.com\/index.php?rest_route=%2Fwp%2Fv2%2Ftags&post=21456"}],"curies":[{"name":"wp","href":"https:\/\/api.w.org\/{rel}","templated":true}]}}