{"id":21113,"date":"2024-10-01T23:31:08","date_gmt":"2024-10-02T04:31:08","guid":{"rendered":"http:\/\/web-zac.com\/?p=21113"},"modified":"2024-10-01T23:31:34","modified_gmt":"2024-10-02T04:31:34","slug":"con-la-presidenta-claudia-sheinbaum-inicia-el-segundo-piso-de-la-transformacion-en-mexico-senadora-vero-diaz","status":"publish","type":"post","link":"http:\/\/web-zac.com\/?p=21113","title":{"rendered":"Con la Presidenta Claudia Sheinbaum inicia el segundo piso de la transformaci\u00f3n en M\u00e9xico: Senadora Vero D\u00edaz<br>"},"content":{"rendered":"\n<p><br>-Las zacatecanas y los zacatecanos fueron testigos de este momento hist\u00f3rico para el pa\u00eds<br><br>Al acompa\u00f1ar a la Presidenta de la Rep\u00fablica, Claudia Sheinbaum&nbsp; Pardo,&nbsp; en su toma de protesta en el Congreso de la Uni\u00f3n y durante el mensaje que brind\u00f3 al pueblo de M\u00e9xico en el z\u00f3calo capitalino, la Senadora Vero D\u00edaz destac\u00f3 que, con este momento hist\u00f3rico, da inicio el segundo piso de la Cuarta Transformaci\u00f3n de nuestro pa\u00eds.<br><br>\u00abEs un d\u00eda hist\u00f3rico&nbsp; porque, por primera vez, M\u00e9xico tiene una mujer Presidenta, y por eso hay mucha alegr\u00eda y satisfacci\u00f3n\u00bb, expres\u00f3 la legisladora zacatecana desde la plancha del z\u00f3calo, donde la mandataria del pa\u00eds recibi\u00f3 el bast\u00f3n de mando de los pueblos originarios.<br><br>A prop\u00f3sito, Vero D\u00edaz enfatiz\u00f3 que con ello, la Presidenta Claudia Sheinbaum refrenda que gobernar\u00e1 con el pueblo y para el pueblo y honrar\u00e1 el legado de Andr\u00e9s Manuel L\u00f3pez Obrador. <br><br>Adem\u00e1s,&nbsp; se enmarca en el reconocimiento de los derechos de los pueblos originarios y afroamericano qu\u00e9, en d\u00edas recientes, se elev\u00f3 a rango constitucional como parte de la consolidaci\u00f3n de la Cuarta Transformaci\u00f3n.<br><br>La Senadora Vero D\u00edaz, mencion\u00f3 que este d\u00eda quedar\u00e1 en la memoria de todas y todos, ya que por primera vez en 200 a\u00f1os, una mujer liderar\u00e1 M\u00e9xico.<br><br>Destac\u00f3 que la presidenta es una visionaria y l\u00edder comprometida con la justicia social y de g\u00e9nero, lo cual es un gran paso hacia la igualdad y la justicia para todas las mujeres.<br><br>Ante ello, reiter\u00f3 su compromiso de continuar trabajando en conjunto para seguir llevando bienestar y la justicia y&nbsp; consolidar el segundo piso de la Cuarta Transformaci\u00f3n y continuar el legado de Andr\u00e9s Manuel L\u00f3pez Obrador.<br><br>En cuanto al punto 64 del Plan de Gobierno que present\u00f3 la presidenta, la senadora refrendo su respaldo para que se pueda recuperar la autosuficiencia del abasto del frijol apoyando a peque\u00f1os y medianos productores de Nayarit y Zacatecas, creando una empresa nacional de semillas, para la producci\u00f3n de&nbsp; semillas de alta calidad.<br><br>Finalmente enfatiz\u00f3 que este momento hist\u00f3rico es algo que debe de quedar en la memoria para que nunca m\u00e1s se permita que las mujeres no vayan al frente de la vida p\u00fablica del pa\u00eds, se\u00f1alando que lo que debe permear es la lucha por un Mexico mas justo e igualitario, siempre en beneficio de quienes m\u00e1s lo necesitan.<\/p>\n","protected":false},"excerpt":{"rendered":"<p>-Las zacatecanas y los zacatecanos fueron testigos de este momento hist\u00f3rico para el pa\u00eds Al acompa\u00f1ar a la Presidenta de la Rep\u00fablica, Claudia Sheinbaum&nbsp; Pardo,&nbsp; en su toma de protesta en el Congreso de la Uni\u00f3n y durante el mensaje que brind\u00f3 al pueblo de M\u00e9xico en el z\u00f3calo capitalino, la Senadora Vero D\u00edaz destac\u00f3 [&hellip;]<\/p>\n","protected":false},"author":3,"featured_media":21112,"comment_status":"open","ping_status":"open","sticky":false,"template":"","format":"standard","meta":{"footnotes":""},"categories":[3],"tags":[],"class_list":["post-21113","post","type-post","status-publish","format-standard","has-post-thumbnail","hentry","category-webpolitica"],"jetpack_featured_media_url":"http:\/\/web-zac.com\/wp-content\/uploads\/2024\/10\/IMG-20241001-WA0072.jpg","_links":{"self":[{"href":"http:\/\/web-zac.com\/index.php?rest_route=\/wp\/v2\/posts\/21113","targetHints":{"allow":["GET"]}}],"collection":[{"href":"http:\/\/web-zac.com\/index.php?rest_route=\/wp\/v2\/posts"}],"about":[{"href":"http:\/\/web-zac.com\/index.php?rest_route=\/wp\/v2\/types\/post"}],"author":[{"embeddable":true,"href":"http:\/\/web-zac.com\/index.php?rest_route=\/wp\/v2\/users\/3"}],"replies":[{"embeddable":true,"href":"http:\/\/web-zac.com\/index.php?rest_route=%2Fwp%2Fv2%2Fcomments&post=21113"}],"version-history":[{"count":1,"href":"http:\/\/web-zac.com\/index.php?rest_route=\/wp\/v2\/posts\/21113\/revisions"}],"predecessor-version":[{"id":21114,"href":"http:\/\/web-zac.com\/index.php?rest_route=\/wp\/v2\/posts\/21113\/revisions\/21114"}],"wp:featuredmedia":[{"embeddable":true,"href":"http:\/\/web-zac.com\/index.php?rest_route=\/wp\/v2\/media\/21112"}],"wp:attachment":[{"href":"http:\/\/web-zac.com\/index.php?rest_route=%2Fwp%2Fv2%2Fmedia&parent=21113"}],"wp:term":[{"taxonomy":"category","embeddable":true,"href":"http:\/\/web-zac.com\/index.php?rest_route=%2Fwp%2Fv2%2Fcategories&post=21113"},{"taxonomy":"post_tag","embeddable":true,"href":"http:\/\/web-zac.com\/index.php?rest_route=%2Fwp%2Fv2%2Ftags&post=21113"}],"curies":[{"name":"wp","href":"https:\/\/api.w.org\/{rel}","templated":true}]}}