{"id":21103,"date":"2024-09-30T21:08:01","date_gmt":"2024-10-01T02:08:01","guid":{"rendered":"http:\/\/web-zac.com\/?p=21103"},"modified":"2024-09-30T21:08:32","modified_gmt":"2024-10-01T02:08:32","slug":"realiza-cabildo-capitalino-primera-sesion-ordinaria","status":"publish","type":"post","link":"http:\/\/web-zac.com\/?p=21103","title":{"rendered":"REALIZA CABILDO CAPITALINO PRIMERA SESI\u00d3N ORDINARIA"},"content":{"rendered":"\n<p><\/p>\n\n\n\n<p>\u2022 Durante el evento les fueron asignadas las comisiones a las y los regidores.<\/p>\n\n\n\n<p>Zacatecas, Zac.- Este lunes el presidente municipal la Capital, Miguel Varela, encabez\u00f3 la primera Sesi\u00f3n Ordinaria de Cabildo, a trav\u00e9s de la cual se tomaron decisiones importantes en beneficio de las y los ciudadanos.<\/p>\n\n\n\n<p>Varela Pinedo cont\u00f3 con el respaldo de las y los regidores, as\u00ed como de la s\u00edndico municipal, Wendy Valdez Organista, para la distribuci\u00f3n de las comisiones que encabezar\u00e1n cada uno de los regidores.<\/p>\n\n\n\n<p>El presidente municipal le pidi\u00f3 a cada uno de los funcionarios trabajar en beneficio de las y los capitalinos, ya que esta administraci\u00f3n tiene como principio fundamental el de ser un gobierno cercano a la gente.<\/p>\n\n\n\n<p>Por su parte la s\u00edndico municipal coment\u00f3 que las comisiones que encabezar\u00e1n las y los regidores fueron asignadas detenidamente, para que cada uno de los representes populares presenten proyectos e iniciativas para seguir construyendo el cambio en la capital.<\/p>\n\n\n\n<p>Al finalizar la sesi\u00f3n, el primer edil pidi\u00f3 no solo a los regidores sino a parte de su equipo de trabajo continuar atendiendo a cada uno de los ciudadanos que lo soliciten, adem\u00e1s de agilizar los diferentes tr\u00e1mites para as\u00ed Juntos construir el cambio.<\/p>\n\n\n\n<ul class=\"wp-block-list\">\n<li>&#8211; &#8211; &#8211; 0 &#8211; &#8211; &#8211; &#8211;<\/li>\n<\/ul>\n","protected":false},"excerpt":{"rendered":"<p>\u2022 Durante el evento les fueron asignadas las comisiones a las y los regidores. Zacatecas, Zac.- Este lunes el presidente municipal la Capital, Miguel Varela, encabez\u00f3 la primera Sesi\u00f3n Ordinaria de Cabildo, a trav\u00e9s de la cual se tomaron decisiones importantes en beneficio de las y los ciudadanos. Varela Pinedo cont\u00f3 con el respaldo de [&hellip;]<\/p>\n","protected":false},"author":3,"featured_media":21102,"comment_status":"open","ping_status":"open","sticky":false,"template":"","format":"standard","meta":{"footnotes":""},"categories":[6,18],"tags":[],"class_list":["post-21103","post","type-post","status-publish","format-standard","has-post-thumbnail","hentry","category-webmunicipios","category-zacatecas"],"jetpack_featured_media_url":"http:\/\/web-zac.com\/wp-content\/uploads\/2024\/09\/IMG-20240930-WA0118.jpg","_links":{"self":[{"href":"http:\/\/web-zac.com\/index.php?rest_route=\/wp\/v2\/posts\/21103","targetHints":{"allow":["GET"]}}],"collection":[{"href":"http:\/\/web-zac.com\/index.php?rest_route=\/wp\/v2\/posts"}],"about":[{"href":"http:\/\/web-zac.com\/index.php?rest_route=\/wp\/v2\/types\/post"}],"author":[{"embeddable":true,"href":"http:\/\/web-zac.com\/index.php?rest_route=\/wp\/v2\/users\/3"}],"replies":[{"embeddable":true,"href":"http:\/\/web-zac.com\/index.php?rest_route=%2Fwp%2Fv2%2Fcomments&post=21103"}],"version-history":[{"count":1,"href":"http:\/\/web-zac.com\/index.php?rest_route=\/wp\/v2\/posts\/21103\/revisions"}],"predecessor-version":[{"id":21104,"href":"http:\/\/web-zac.com\/index.php?rest_route=\/wp\/v2\/posts\/21103\/revisions\/21104"}],"wp:featuredmedia":[{"embeddable":true,"href":"http:\/\/web-zac.com\/index.php?rest_route=\/wp\/v2\/media\/21102"}],"wp:attachment":[{"href":"http:\/\/web-zac.com\/index.php?rest_route=%2Fwp%2Fv2%2Fmedia&parent=21103"}],"wp:term":[{"taxonomy":"category","embeddable":true,"href":"http:\/\/web-zac.com\/index.php?rest_route=%2Fwp%2Fv2%2Fcategories&post=21103"},{"taxonomy":"post_tag","embeddable":true,"href":"http:\/\/web-zac.com\/index.php?rest_route=%2Fwp%2Fv2%2Ftags&post=21103"}],"curies":[{"name":"wp","href":"https:\/\/api.w.org\/{rel}","templated":true}]}}