{"id":21094,"date":"2024-09-30T13:52:02","date_gmt":"2024-09-30T18:52:02","guid":{"rendered":"http:\/\/web-zac.com\/?p=21094"},"modified":"2024-09-30T13:52:36","modified_gmt":"2024-09-30T18:52:36","slug":"reconoce-gobernador-david-monreal-legado-del-presidente-andres-manuel-lopez-obrador","status":"publish","type":"post","link":"http:\/\/web-zac.com\/?p=21094","title":{"rendered":"Reconoce Gobernador David Monreal legado del Presidente Andr\u00e9s Manuel L\u00f3pez Obrador<br>"},"content":{"rendered":"\n<p><br>\u25aa\ufe0fLuego de ver la \u00faltima conferencia matutina, acompa\u00f1ado de la Mesa Estatal de Construcci\u00f3n de Paz, el mandatario estatal destac\u00f3 la importancia de ese ejercicio informativo<br><br>Zacatecas, Zac., 30 de septiembre de 2024.-&nbsp; En un momento hist\u00f3rico para M\u00e9xico porque es el \u00faltimo d\u00eda del Gobierno que encabeza Andr\u00e9s Manuel L\u00f3pez Obrador, el Gobernador de Zacatecas David Monreal \u00c1vila reconoci\u00f3 el legado del Presidente de la Rep\u00fablica.<br><br>Luego de ver la \u00faltima conferencia matutina del Presidente, acompa\u00f1ado de los integrantes de la Mesa de Construcci\u00f3n de Paz, el mandatario estatal adem\u00e1s destac\u00f3 la importancia de este ejercicio informativo que lleg\u00f3 para quedarse porque ha revolucionado la forma de comunicarse con las y los mexicanos.<br><br>Dijo que, ante el \u00e9xito comunicativo, la ma\u00f1anera incluso se ha emulado en otros pa\u00edses, ya que es un instrumento a trav\u00e9s del cual L\u00f3pez Obrador pudo enfrentar a los opositores y conservadores ante la necesidad de hacer llegar al pueblo las acciones de su Gobierno. <br><br>De igual manera, el Gobernador David Monreal \u00c1vila se\u00f1al\u00f3 que las Mesas de Construcci\u00f3n de Paz que \u00e9l encabeza en Zacatecas todas las ma\u00f1anas, son otro legado del Presidente de la Rep\u00fablica, porque una prioridad de ambos ha sido trabajar por la pacificaci\u00f3n de este estado y del pa\u00eds. . <br><br>\u201c\u00c9ste es un d\u00eda hist\u00f3rico, por eso recordamos la vida p\u00fablica del Presidente y los a\u00f1os que lo hemos acompa\u00f1ado\u201d, enfatiz\u00f3 el Gobernador al reiterar su agradecimiento y reconocimiento por todo lo que L\u00f3pez Obrador ha apoyado a Zacatecas.&nbsp; <br><br>\u2014ooOoo\u2014<\/p>\n","protected":false},"excerpt":{"rendered":"<p>\u25aa\ufe0fLuego de ver la \u00faltima conferencia matutina, acompa\u00f1ado de la Mesa Estatal de Construcci\u00f3n de Paz, el mandatario estatal destac\u00f3 la importancia de ese ejercicio informativo Zacatecas, Zac., 30 de septiembre de 2024.-&nbsp; En un momento hist\u00f3rico para M\u00e9xico porque es el \u00faltimo d\u00eda del Gobierno que encabeza Andr\u00e9s Manuel L\u00f3pez Obrador, el Gobernador de [&hellip;]<\/p>\n","protected":false},"author":3,"featured_media":21093,"comment_status":"open","ping_status":"open","sticky":false,"template":"","format":"standard","meta":{"footnotes":""},"categories":[4,22],"tags":[],"class_list":["post-21094","post","type-post","status-publish","format-standard","has-post-thumbnail","hentry","category-webgobierno","category-gobierno"],"jetpack_featured_media_url":"http:\/\/web-zac.com\/wp-content\/uploads\/2024\/09\/IMG-20240930-WA0061.jpg","_links":{"self":[{"href":"http:\/\/web-zac.com\/index.php?rest_route=\/wp\/v2\/posts\/21094","targetHints":{"allow":["GET"]}}],"collection":[{"href":"http:\/\/web-zac.com\/index.php?rest_route=\/wp\/v2\/posts"}],"about":[{"href":"http:\/\/web-zac.com\/index.php?rest_route=\/wp\/v2\/types\/post"}],"author":[{"embeddable":true,"href":"http:\/\/web-zac.com\/index.php?rest_route=\/wp\/v2\/users\/3"}],"replies":[{"embeddable":true,"href":"http:\/\/web-zac.com\/index.php?rest_route=%2Fwp%2Fv2%2Fcomments&post=21094"}],"version-history":[{"count":1,"href":"http:\/\/web-zac.com\/index.php?rest_route=\/wp\/v2\/posts\/21094\/revisions"}],"predecessor-version":[{"id":21095,"href":"http:\/\/web-zac.com\/index.php?rest_route=\/wp\/v2\/posts\/21094\/revisions\/21095"}],"wp:featuredmedia":[{"embeddable":true,"href":"http:\/\/web-zac.com\/index.php?rest_route=\/wp\/v2\/media\/21093"}],"wp:attachment":[{"href":"http:\/\/web-zac.com\/index.php?rest_route=%2Fwp%2Fv2%2Fmedia&parent=21094"}],"wp:term":[{"taxonomy":"category","embeddable":true,"href":"http:\/\/web-zac.com\/index.php?rest_route=%2Fwp%2Fv2%2Fcategories&post=21094"},{"taxonomy":"post_tag","embeddable":true,"href":"http:\/\/web-zac.com\/index.php?rest_route=%2Fwp%2Fv2%2Ftags&post=21094"}],"curies":[{"name":"wp","href":"https:\/\/api.w.org\/{rel}","templated":true}]}}