{"id":21091,"date":"2024-09-30T12:16:51","date_gmt":"2024-09-30T17:16:51","guid":{"rendered":"http:\/\/web-zac.com\/?p=21091"},"modified":"2024-09-30T12:17:06","modified_gmt":"2024-09-30T17:17:06","slug":"encabeza-miguel-varela-a-honores-a-la-bandera-en-telesecundaria-francisco-gonzalez-bocanegra","status":"publish","type":"post","link":"http:\/\/web-zac.com\/?p=21091","title":{"rendered":"ENCABEZA MIGUEL VARELA A HONORES A LA BANDERA EN TELESECUNDARIA \u201cFRANCISCO GONZ\u00c1LEZ BOCANEGRA"},"content":{"rendered":"\n<p><br>Zacatecas, Zac.- La ma\u00f1ana de este lunes, el presidente municipal de Zacatecas Capital, Miguel Varela Pinedo, encabez\u00f3 su primer acto civico de Honores a la Bandera en la telesecundaria \u201cFrancisco Gonz\u00e1lez Bocanegra\u201d.<br><br>Acompa\u00f1ado de autoridades educativas y locales, el alcalde reafirm\u00f3 su compromiso con la educaci\u00f3n y el fortalecimiento de los valores c\u00edvicos en la juventud zacatecana.<br><br>Durante su intervenci\u00f3n, Varela Pinedo destac\u00f3 la importancia de cultivar el respeto por los s\u00edmbolos patrios y el fomento de una educaci\u00f3n integral que incluya tanto el conocimiento acad\u00e9mico como la formaci\u00f3n en valores. <br><br>\u00abLa educaci\u00f3n es la base de un mejor futuro, y como administraci\u00f3n, seguiremos apostando por proyectos que fortalezcan a nuestras instituciones educativas\u00bb, se\u00f1al\u00f3 el edil.<br><br>Con este evento, Miguel Varela reitera su compromiso con el sector educativo, siendo uno de los pilares de su administraci\u00f3n.<br>En el evento se cont\u00f3 con la participaci\u00f3n de 254 alumnos del turno matutino y 10 docentes, as\u00ed como la presencia de la directora del plantel, Maestra Elvia Roque Rodr\u00edguez; el Profesor Alfredo Barr\u00f3n Contreras; los regidores \u00d3scar Contreras, Reginaldo \u00c1vila, David Garc\u00eda Lira, Juan Diego Garc\u00eda, Carmen Lira y Astrid Jayme; adem\u00e1s de Guadalupe Flores, encargada del Departamento de Servicios P\u00fablicos, y Raymundo Moreno.<\/p>\n","protected":false},"excerpt":{"rendered":"<p>Zacatecas, Zac.- La ma\u00f1ana de este lunes, el presidente municipal de Zacatecas Capital, Miguel Varela Pinedo, encabez\u00f3 su primer acto civico de Honores a la Bandera en la telesecundaria \u201cFrancisco Gonz\u00e1lez Bocanegra\u201d. Acompa\u00f1ado de autoridades educativas y locales, el alcalde reafirm\u00f3 su compromiso con la educaci\u00f3n y el fortalecimiento de los valores c\u00edvicos en la [&hellip;]<\/p>\n","protected":false},"author":3,"featured_media":21090,"comment_status":"open","ping_status":"open","sticky":false,"template":"","format":"standard","meta":{"footnotes":""},"categories":[6,18],"tags":[],"class_list":["post-21091","post","type-post","status-publish","format-standard","has-post-thumbnail","hentry","category-webmunicipios","category-zacatecas"],"jetpack_featured_media_url":"http:\/\/web-zac.com\/wp-content\/uploads\/2024\/09\/IMG-20240930-WA0024.jpg","_links":{"self":[{"href":"http:\/\/web-zac.com\/index.php?rest_route=\/wp\/v2\/posts\/21091","targetHints":{"allow":["GET"]}}],"collection":[{"href":"http:\/\/web-zac.com\/index.php?rest_route=\/wp\/v2\/posts"}],"about":[{"href":"http:\/\/web-zac.com\/index.php?rest_route=\/wp\/v2\/types\/post"}],"author":[{"embeddable":true,"href":"http:\/\/web-zac.com\/index.php?rest_route=\/wp\/v2\/users\/3"}],"replies":[{"embeddable":true,"href":"http:\/\/web-zac.com\/index.php?rest_route=%2Fwp%2Fv2%2Fcomments&post=21091"}],"version-history":[{"count":1,"href":"http:\/\/web-zac.com\/index.php?rest_route=\/wp\/v2\/posts\/21091\/revisions"}],"predecessor-version":[{"id":21092,"href":"http:\/\/web-zac.com\/index.php?rest_route=\/wp\/v2\/posts\/21091\/revisions\/21092"}],"wp:featuredmedia":[{"embeddable":true,"href":"http:\/\/web-zac.com\/index.php?rest_route=\/wp\/v2\/media\/21090"}],"wp:attachment":[{"href":"http:\/\/web-zac.com\/index.php?rest_route=%2Fwp%2Fv2%2Fmedia&parent=21091"}],"wp:term":[{"taxonomy":"category","embeddable":true,"href":"http:\/\/web-zac.com\/index.php?rest_route=%2Fwp%2Fv2%2Fcategories&post=21091"},{"taxonomy":"post_tag","embeddable":true,"href":"http:\/\/web-zac.com\/index.php?rest_route=%2Fwp%2Fv2%2Ftags&post=21091"}],"curies":[{"name":"wp","href":"https:\/\/api.w.org\/{rel}","templated":true}]}}