{"id":21088,"date":"2024-09-30T12:15:11","date_gmt":"2024-09-30T17:15:11","guid":{"rendered":"http:\/\/web-zac.com\/?p=21088"},"modified":"2024-09-30T12:15:36","modified_gmt":"2024-09-30T17:15:36","slug":"se-fortalecen-la-democracia-la-justicia-y-el-bienestar-para-las-mexicanas-y-los-mexicanos-senadora-vero-diaz","status":"publish","type":"post","link":"http:\/\/web-zac.com\/?p=21088","title":{"rendered":"Se fortalecen la democracia, la justicia y el bienestar para las mexicanas y los mexicanos: Senadora Vero Diaz"},"content":{"rendered":"\n<p>\n<br>\n\n<br>&#8211;\tEl Senado de la Rep\u00fablica declar\u00f3 la constitucionalidad de las reformas a la Guardia Nacional y al art\u00edculo 2 de la Carta Magna, que reconoce y garantiza los derechos de las comunidades ind\u00edgenas\n<br>\n<br>&#8211;\tEstas reformas fueron un compromiso con la ciudadan\u00eda, la cual respald\u00f3 el Plan C, el pasado mes de junio, en las urnas, destac\u00f3 la Senadora zacatecana \n<br>\n<br>\n<br>Al aprobarse la constitucionalidad de las reformas a la Guardia Nacional y al art\u00edculo 2 de la Carta Magna que reconoce y garantiza los derechos de las comunidades ind\u00edgenas y afromexicanas, la Senadora de Morena, Vero D\u00edaz, destac\u00f3 que con este nuevo marco normativo se impulsa el segundo piso de la cuarta transformaci\u00f3n por el bienestar de las familias de Zacatecas y de todo el pa\u00eds. \n<br>\n<br>La reforma relativa a la Guardia Nacional, explic\u00f3 la legisladora federal, busca que dicha corporaci\u00f3n se consolide como una fuerza de seguridad p\u00fablica, profesional, integrada por personal militar con formaci\u00f3n policial y dependiente de la Secretar\u00eda de la Defensa Nacional (Sedena).\n<br>\n<br>De la misma manera, Vero Diaz dijo que con la reforma constitucional al art\u00edculo 2 se reconocen y garantizan los derechos de las comunidades ind\u00edgenas y afromexicanas, as\u00ed como los sistemas normativos, la autodeterminaci\u00f3n y la protecci\u00f3n de su patrimonio cultural, material e intelectual.\n<br>\n<br>Con el aval de 26&nbsp; congresos estatales: Baja California, Baja California Sur, Chihuahua, Campeche, Chiapas, Ciudad de M\u00e9xico, Colima, Durango, Guerrero, Hidalgo, Estado de M\u00e9xico, Michoac\u00e1n, Morelos, Nayarit, Oaxaca, Puebla, Quintana Roo, San Luis Potos\u00ed, Sinaloa, Sonora, Tabasco, Tamaulipas, Tlaxcala, Veracruz, Yucat\u00e1n&nbsp; y por su puesto Zacatecas, el Senado de la Rep\u00fablica declar\u00f3 constitucionalidad a la reforma a la Guardia Nacional durante la sesi\u00f3n legislativa de este domingo. <br>\n\n<br>Tambi\u00e9n,&nbsp; con el respaldo de estas 26 Legislaturas locales, el Senado declar\u00f3 la constitucionalidad \n<br>de la reforma al art\u00edculo 2 de la Carta Magna, que reconoce y garantiza los derechos de comunidades ind\u00edgenas y afromexicanas. <br>\n<br>La Senadora de Morena Vero D\u00edaz agreg\u00f3 que ambas reformas enviadas por el Presidente de la Rep\u00fablica, Andr\u00e9s Manuel L\u00f3pez Obrador, fortalecen la democracia, la justicia y el bienestar de las mexicanas y los mexicanos.\n<br>\n<br>Reiter\u00f3 que dichas reformas fueron un compromiso con la ciudadan\u00eda, la cual respald\u00f3 el Plan C, el pasado mes de junio, en las urnas.<br>\n<br>La senadora&nbsp; refiri\u00f3 que seguir\u00e1&nbsp; trabajando para consolidar el segundo piso de la Cuarta Transformaci\u00f3n, de la mano la primer presidenta de M\u00e9xico Claudia Sheinbaum Pardo<\/p>\n","protected":false},"excerpt":{"rendered":"<p>&#8211; El Senado de la Rep\u00fablica declar\u00f3 la constitucionalidad de las reformas a la Guardia Nacional y al art\u00edculo 2 de la Carta Magna, que reconoce y garantiza los derechos de las comunidades ind\u00edgenas &#8211; Estas reformas fueron un compromiso con la ciudadan\u00eda, la cual respald\u00f3 el Plan C, el pasado mes de junio, en [&hellip;]<\/p>\n","protected":false},"author":3,"featured_media":21087,"comment_status":"open","ping_status":"open","sticky":false,"template":"","format":"standard","meta":{"footnotes":""},"categories":[3],"tags":[],"class_list":["post-21088","post","type-post","status-publish","format-standard","has-post-thumbnail","hentry","category-webpolitica"],"jetpack_featured_media_url":"http:\/\/web-zac.com\/wp-content\/uploads\/2024\/09\/IMG-20240929-WA0170.jpg","_links":{"self":[{"href":"http:\/\/web-zac.com\/index.php?rest_route=\/wp\/v2\/posts\/21088","targetHints":{"allow":["GET"]}}],"collection":[{"href":"http:\/\/web-zac.com\/index.php?rest_route=\/wp\/v2\/posts"}],"about":[{"href":"http:\/\/web-zac.com\/index.php?rest_route=\/wp\/v2\/types\/post"}],"author":[{"embeddable":true,"href":"http:\/\/web-zac.com\/index.php?rest_route=\/wp\/v2\/users\/3"}],"replies":[{"embeddable":true,"href":"http:\/\/web-zac.com\/index.php?rest_route=%2Fwp%2Fv2%2Fcomments&post=21088"}],"version-history":[{"count":1,"href":"http:\/\/web-zac.com\/index.php?rest_route=\/wp\/v2\/posts\/21088\/revisions"}],"predecessor-version":[{"id":21089,"href":"http:\/\/web-zac.com\/index.php?rest_route=\/wp\/v2\/posts\/21088\/revisions\/21089"}],"wp:featuredmedia":[{"embeddable":true,"href":"http:\/\/web-zac.com\/index.php?rest_route=\/wp\/v2\/media\/21087"}],"wp:attachment":[{"href":"http:\/\/web-zac.com\/index.php?rest_route=%2Fwp%2Fv2%2Fmedia&parent=21088"}],"wp:term":[{"taxonomy":"category","embeddable":true,"href":"http:\/\/web-zac.com\/index.php?rest_route=%2Fwp%2Fv2%2Fcategories&post=21088"},{"taxonomy":"post_tag","embeddable":true,"href":"http:\/\/web-zac.com\/index.php?rest_route=%2Fwp%2Fv2%2Ftags&post=21088"}],"curies":[{"name":"wp","href":"https:\/\/api.w.org\/{rel}","templated":true}]}}