{"id":20463,"date":"2024-08-06T21:45:19","date_gmt":"2024-08-07T02:45:19","guid":{"rendered":"http:\/\/web-zac.com\/?p=20463"},"modified":"2024-08-06T21:46:04","modified_gmt":"2024-08-07T02:46:04","slug":"reconoce-fundacion-ciudadania-la-estrategia-de-paz-en-zacatecas","status":"publish","type":"post","link":"http:\/\/web-zac.com\/?p=20463","title":{"rendered":"Reconoce Fundaci\u00f3n Ciudadan\u00eda la Estrategia de Paz en Zacatecas"},"content":{"rendered":"\n<p><br><br>\u25aa\ufe0fDurante las actividades del martes, los activistas internacionales destacaron la labor de la administraci\u00f3n del Gobernador David Monreal \u00c1vila, que ha logrado disminuir de manera ejemplar delitos de alto impacto<br>\u25aa\ufe0fLa participaci\u00f3n de la Fundaci\u00f3n Ciudadan\u00eda se centra en la capacitaci\u00f3n y reclasificaci\u00f3n de los recursos humanos, fundamental para la seguridad del estado<br>\u25aa\ufe0fLa activista boliviana Julieta Monta\u00f1o reconoci\u00f3 que la estrategia aplicada en Zacatecas es un ejemplo de inclusi\u00f3n y transversalidad<br><br>Zacatecas, Zac., 6 de agosto de 2024.- En el marco del primer Curso Internacional de Formaci\u00f3n para la Construcci\u00f3n de la Paz, integrantes de la Fundaci\u00f3n Ciudadan\u00eda reconocieron la Estrategia de Paz desarrollada en Zacatecas durante este 2024, al resaltar su car\u00e1cter \u00fanico y ejemplar.<br><br>Durante las actividades del martes, los activistas internacionales destacaron la labor de la administraci\u00f3n del Gobernador David Monreal \u00c1vila, que ha logrado disminuir de manera ejemplar delitos de alto impacto, como el homicidio.<br><br>Como primera actividad, se realiz\u00f3 la capacitaci\u00f3n \u201cCultura de Paz y Resoluci\u00f3n de Conflictos: La perspectiva positiva del conflicto para reconocer las m\u00faltiples dimensiones de la violencia p\u00fablica\u201d, a cargo de Juan Jos\u00e9 Salado S\u00e1nchez, director de la Fundaci\u00f3n Ciudadan\u00eda.<br><br>Por su parte, Julieta Monta\u00f1o Salvatierra, defensora de los derechos humanos, activista de los derechos de las mujeres y escritora feminista de origen boliviano, present\u00f3 la conferencia magistral \u201cLa Gesti\u00f3n de la Diversidad y la Inclusi\u00f3n en la Seguridad P\u00fablica, las distintas formas de construcci\u00f3n de Paz\u201d, en la que destac\u00f3 las principales estrategias para construir una fuerza de Seguridad P\u00fablica respetuosa de la diversidad y los derechos humanos, promoviendo una cultura inclusiva y la eliminaci\u00f3n de factores que generan violencia.<br><br>Estrategia de Paz refleja resultados positivos <br><br>Posteriormente, en conferencia de prensa, el Secretario de Seguridad P\u00fablica, General Arturo Medina Mayoral, inform\u00f3 que, dentro de las 100 acciones establecidas en la Agenda de la Paz, se contempla la capacitaci\u00f3n de los elementos de las Fuerzas de Seguridad, subrayando la relevancia de esta Jornada de Capacitaciones por la Paz.<br><br>Inform\u00f3 que, hasta el mes de julio, Zacatecas present\u00f3 una reducci\u00f3n importante en todos los delitos, al destacar una disminuci\u00f3n del 55 por ciento en homicidios en comparaci\u00f3n con los primeros siete meses de 2023.<br><br>En este sentido, Juan Jos\u00e9 Salado reconoci\u00f3 los esfuerzos del Gobierno por pacificar Zacatecas desde 2021, logrando avances significativos gracias a la integralidad de acciones de la administraci\u00f3n estatal en la toma de decisiones pol\u00edticas, apoyadas por la coordinaci\u00f3n de recursos humanos, t\u00e9cnicos y econ\u00f3micos para abordar la estrategia de seguridad.<br><br>Detall\u00f3 que la participaci\u00f3n de la Fundaci\u00f3n Ciudadan\u00eda se centra en la capacitaci\u00f3n y reclasificaci\u00f3n de los recursos humanos, fundamental para la seguridad del estado. <br><br>Las jornadas de capacitaci\u00f3n abordan cuestiones estrat\u00e9gicas y metodol\u00f3gicas, incorporando buenas pr\u00e1cticas internacionales que pueden contribuir al cumplimiento de los objetivos del Gobierno de Zacatecas.<br><br>La activista boliviana Julieta Monta\u00f1o reconoci\u00f3 que la estrategia aplicada en Zacatecas es un ejemplo de inclusi\u00f3n y transversalidad, ya que involucra no s\u00f3lo a las Fuerzas de Seguridad, sino tambi\u00e9n los espacios educativos, culturales, deportivos y juveniles.<br><br>Con respecto a la percepci\u00f3n de seguridad, explic\u00f3 que, aunque hay avances importantes, \u00e9stos no son visibles a corto plazo. En los pr\u00f3ximos a\u00f1os, dijo, se tendr\u00e1 una percepci\u00f3n real del proceso de paz que vive Zacatecas.<br><br>\u201cEstamos convencidos de que, en los pr\u00f3ximos a\u00f1os, esta estrategia se intensificar\u00e1, mejorando la percepci\u00f3n real de seguridad entre la ciudadan\u00eda y fomentando una participaci\u00f3n m\u00e1s activa de todos los sectores del tejido social\u201d, precis\u00f3.<br><br>Finalmente, Juan Carlos Gonz\u00e1lez, coordinador t\u00e9cnico, se\u00f1al\u00f3 que la Fundaci\u00f3n Ciudadan\u00eda ofrece un curso de formaci\u00f3n con especialistas en derechos humanos, que fortalece la transversalidad de los objetivos de desarrollo sostenible y la equidad de g\u00e9nero. <br><br>Detall\u00f3 que se trata de un curso compuesto por siete m\u00f3dulos con una duraci\u00f3n total de 30 horas, que incluyen una exposici\u00f3n de 20 obras del autor cubano Fernando Alarc\u00f3n Echenique, abordando tanto la consolidaci\u00f3n de la paz como los horrores de la guerra y la violencia, especialmente hacia las mujeres, desde una perspectiva pl\u00e1stica y art\u00edstica.<br><br>\u201cCon esta estrategia de 2024, aspiramos a coadyuvar para consolidar la paz y retornar la tranquilidad al estado de Zacatecas, un objetivo que merece el apoyo y la participaci\u00f3n de todos\u201d, concluy\u00f3.<br><br><br>\u2014ooOoo\u2014<\/p>\n","protected":false},"excerpt":{"rendered":"<p>\u25aa\ufe0fDurante las actividades del martes, los activistas internacionales destacaron la labor de la administraci\u00f3n del Gobernador David Monreal \u00c1vila, que ha logrado disminuir de manera ejemplar delitos de alto impacto\u25aa\ufe0fLa participaci\u00f3n de la Fundaci\u00f3n Ciudadan\u00eda se centra en la capacitaci\u00f3n y reclasificaci\u00f3n de los recursos humanos, fundamental para la seguridad del estado\u25aa\ufe0fLa activista boliviana Julieta [&hellip;]<\/p>\n","protected":false},"author":3,"featured_media":20462,"comment_status":"open","ping_status":"open","sticky":false,"template":"","format":"standard","meta":{"footnotes":""},"categories":[4,22],"tags":[],"class_list":["post-20463","post","type-post","status-publish","format-standard","has-post-thumbnail","hentry","category-webgobierno","category-gobierno"],"jetpack_featured_media_url":"http:\/\/web-zac.com\/wp-content\/uploads\/2024\/08\/IMG-20240806-WA0114.jpg","_links":{"self":[{"href":"http:\/\/web-zac.com\/index.php?rest_route=\/wp\/v2\/posts\/20463","targetHints":{"allow":["GET"]}}],"collection":[{"href":"http:\/\/web-zac.com\/index.php?rest_route=\/wp\/v2\/posts"}],"about":[{"href":"http:\/\/web-zac.com\/index.php?rest_route=\/wp\/v2\/types\/post"}],"author":[{"embeddable":true,"href":"http:\/\/web-zac.com\/index.php?rest_route=\/wp\/v2\/users\/3"}],"replies":[{"embeddable":true,"href":"http:\/\/web-zac.com\/index.php?rest_route=%2Fwp%2Fv2%2Fcomments&post=20463"}],"version-history":[{"count":1,"href":"http:\/\/web-zac.com\/index.php?rest_route=\/wp\/v2\/posts\/20463\/revisions"}],"predecessor-version":[{"id":20464,"href":"http:\/\/web-zac.com\/index.php?rest_route=\/wp\/v2\/posts\/20463\/revisions\/20464"}],"wp:featuredmedia":[{"embeddable":true,"href":"http:\/\/web-zac.com\/index.php?rest_route=\/wp\/v2\/media\/20462"}],"wp:attachment":[{"href":"http:\/\/web-zac.com\/index.php?rest_route=%2Fwp%2Fv2%2Fmedia&parent=20463"}],"wp:term":[{"taxonomy":"category","embeddable":true,"href":"http:\/\/web-zac.com\/index.php?rest_route=%2Fwp%2Fv2%2Fcategories&post=20463"},{"taxonomy":"post_tag","embeddable":true,"href":"http:\/\/web-zac.com\/index.php?rest_route=%2Fwp%2Fv2%2Ftags&post=20463"}],"curies":[{"name":"wp","href":"https:\/\/api.w.org\/{rel}","templated":true}]}}