{"id":20457,"date":"2024-08-05T22:31:52","date_gmt":"2024-08-06T03:31:52","guid":{"rendered":"http:\/\/web-zac.com\/?p=20457"},"modified":"2024-08-05T22:32:14","modified_gmt":"2024-08-06T03:32:14","slug":"es-la-justicia-brujula-moral-del-derecho-rodrigo-reyes","status":"publish","type":"post","link":"http:\/\/web-zac.com\/?p=20457","title":{"rendered":"Es la justicia, br\u00fajula moral del derecho: Rodrigo Reyes"},"content":{"rendered":"\n<p><\/p>\n\n\n\n<p>\u25aa\ufe0fEsta tarde se llev\u00f3 a cabo el Foro Di\u00e1logos Estatales para la Reforma del Poder Judicial de la Federaci\u00f3n<br \/>\u25aa\ufe0fEl 2 de septiembre se someter\u00e1 al pleno el dictamen de Reforma, inform\u00f3 el Senador Ricardo Monreal<br \/>\u25aa\ufe0fEl Foro, una oportunidad para el intercambio de ideas: Carlos Villegas<\/p>\n\n\n\n<p>Zacatecas, Zac., 5 de agosto de 2024.- Luego de se\u00f1alar la necesidad de una reforma judicial que garantice el acceso de la sociedad a la justicia, el Secretario General de Gobierno Rodrigo Reyes Mug\u00fcerza, con la representaci\u00f3n del Gobernador David Monreal \u00c1vila, resalt\u00f3 que la justicia debe ser la br\u00fajula moral que rija el derecho, porque sin ella, se puede extraviar y caer en errores que nos lleven a callejones sin salida.<\/p>\n\n\n\n<p>En el Foro Di\u00e1logos Estatales para la Reforma del Poder Judicial de la Federaci\u00f3n celebrado esta tarde en la capital con la presencia del Senador Ricardo Monreal \u00c1vila, Reyes Mug\u00fcerza afirm\u00f3 que con esta reforma se busca alcanzar uno de los anhelos ciudadanos m\u00e1s esperados: el acceso efectivo a la justicia.<\/p>\n\n\n\n<p>Necesitamos, agreg\u00f3, seguir avanzando para que las personas tengan acceso a la justicia, para que los errores se corrijan y, en este sentido, el Gobernador David Monreal \u00c1vila tiene la firme convicci\u00f3n de que el derecho es el regente de la convivencia ciudadana.<\/p>\n\n\n\n<p>Destac\u00f3 el esfuerzo que el mandatario zacatecano ha realizado y que ha permitido que, a tres a\u00f1os de su mandato, los \u00edndices de violencia hayan disminuido considerablemente.<\/p>\n\n\n\n<p>Por su parte, el Senador Ricardo Monreal \u00c1vila inform\u00f3 que ser\u00e1 el 2 de septiembre cuando se someter\u00e1 al pleno el dictamen de la Reforma al Poder Judicial de la Federaci\u00f3n.<\/p>\n\n\n\n<p>Dijo que fueron 20 las reformas constitucionales planteadas el pasado 5 de febrero y se espera que pueda salir la mayor\u00eda de ellas antes de que concluya el actual periodo legislativo.<\/p>\n\n\n\n<p>Ricardo Monreal \u00c1vila asegur\u00f3 que se trata de una reforma innovadora, pol\u00e9mica, pero en la que podr\u00e1n participar todas las voces.<\/p>\n\n\n\n<p>\u201cEs normal que en una sociedad como la nuestra haya posiciones distintas, dispares y hasta encontradas, por eso la importancia de que se expresen todas las voces\u201d, dijo.<\/p>\n\n\n\n<p>Eduardo Ram\u00edrez Aguilar, senador y gobernador electo de Chiapas, coment\u00f3 que seremos testigos de una reforma que debe servir al pueblo y el pueblo esta \u00e1vido de que la impartici\u00f3n de justicia sea pronta y expedita, pero junto con ella, advirti\u00f3, debe existir una reforma a la procuraci\u00f3n de justicia, porque es donde m\u00e1s duele y lastima.<\/p>\n\n\n\n<p>Carlos Villegas, magistrado presidente del Tribunal Superior de Justicia del Estado de Zacatecas, expres\u00f3 que el foro es una gran oportunidad para un intercambio de ideas constructivas, respetuosas donde todas las voces sean escuchadas y donde se promueva un entendimiento m\u00e1s completo de los retos y oportunidades al que se enfrenta el sistema de justicia.<\/p>\n\n\n\n<p>No existen, dijo finalmente, verdades absolutas y el foro, ser\u00e1 un espacio de di\u00e1logo y reflexi\u00f3n que busca enriquecer el entendimiento para encontrar caminos de consenso.<\/p>\n\n\n\n<p>\u2014ooOoo\u2014<\/p>\n","protected":false},"excerpt":{"rendered":"<p>\u25aa\ufe0fEsta tarde se llev\u00f3 a cabo el Foro Di\u00e1logos Estatales para la Reforma del Poder Judicial de la Federaci\u00f3n\u25aa\ufe0fEl 2 de septiembre se someter\u00e1 al pleno el dictamen de Reforma, inform\u00f3 el Senador Ricardo Monreal\u25aa\ufe0fEl Foro, una oportunidad para el intercambio de ideas: Carlos Villegas Zacatecas, Zac., 5 de agosto de 2024.- Luego de se\u00f1alar [&hellip;]<\/p>\n","protected":false},"author":3,"featured_media":20456,"comment_status":"open","ping_status":"open","sticky":false,"template":"","format":"standard","meta":{"footnotes":""},"categories":[4,22],"tags":[],"class_list":["post-20457","post","type-post","status-publish","format-standard","has-post-thumbnail","hentry","category-webgobierno","category-gobierno"],"jetpack_featured_media_url":"http:\/\/web-zac.com\/wp-content\/uploads\/2024\/08\/IMG-20240805-WA0113.jpg","_links":{"self":[{"href":"http:\/\/web-zac.com\/index.php?rest_route=\/wp\/v2\/posts\/20457","targetHints":{"allow":["GET"]}}],"collection":[{"href":"http:\/\/web-zac.com\/index.php?rest_route=\/wp\/v2\/posts"}],"about":[{"href":"http:\/\/web-zac.com\/index.php?rest_route=\/wp\/v2\/types\/post"}],"author":[{"embeddable":true,"href":"http:\/\/web-zac.com\/index.php?rest_route=\/wp\/v2\/users\/3"}],"replies":[{"embeddable":true,"href":"http:\/\/web-zac.com\/index.php?rest_route=%2Fwp%2Fv2%2Fcomments&post=20457"}],"version-history":[{"count":1,"href":"http:\/\/web-zac.com\/index.php?rest_route=\/wp\/v2\/posts\/20457\/revisions"}],"predecessor-version":[{"id":20458,"href":"http:\/\/web-zac.com\/index.php?rest_route=\/wp\/v2\/posts\/20457\/revisions\/20458"}],"wp:featuredmedia":[{"embeddable":true,"href":"http:\/\/web-zac.com\/index.php?rest_route=\/wp\/v2\/media\/20456"}],"wp:attachment":[{"href":"http:\/\/web-zac.com\/index.php?rest_route=%2Fwp%2Fv2%2Fmedia&parent=20457"}],"wp:term":[{"taxonomy":"category","embeddable":true,"href":"http:\/\/web-zac.com\/index.php?rest_route=%2Fwp%2Fv2%2Fcategories&post=20457"},{"taxonomy":"post_tag","embeddable":true,"href":"http:\/\/web-zac.com\/index.php?rest_route=%2Fwp%2Fv2%2Ftags&post=20457"}],"curies":[{"name":"wp","href":"https:\/\/api.w.org\/{rel}","templated":true}]}}