{"id":20454,"date":"2024-08-05T21:06:47","date_gmt":"2024-08-06T02:06:47","guid":{"rendered":"http:\/\/web-zac.com\/?p=20454"},"modified":"2024-08-05T21:07:13","modified_gmt":"2024-08-06T02:07:13","slug":"inaugura-ssp-curso-internacional-de-formacion-construccion-para-la-paz-en-zacatecas","status":"publish","type":"post","link":"http:\/\/web-zac.com\/?p=20454","title":{"rendered":"Inaugura SSP&nbsp; Curso Internacional de Formaci\u00f3n Construcci\u00f3n para la Paz en Zacatecas"},"content":{"rendered":"\n<p><br><br>\u25aa\ufe0fEsta iniciativa permite desarrollar los conocimientos y habilidades necesarias para que las y los agentes de seguridad adquieran las competencias requeridas para sus tareas diarias <br>\u25aa\ufe0fLa formaci\u00f3n incluye conocimientos te\u00f3ricos y pr\u00e1cticos sobre estudios de paz, educaci\u00f3n para la paz, cultura de paz, y transformaci\u00f3n de conflictos<br><br>Zacatecas, Zac., 5 de agosto de 2024. \u2013 En el marco de la Agenda del A\u00f1o de Paz, el General Arturo Medina Mayoral, secretario de Seguridad P\u00fablica, inaugur\u00f3, en representaci\u00f3n del Gobernador David Monreal \u00c1vila, el Curso Internacional de Formaci\u00f3n \u00abConstrucci\u00f3n para la Paz\u00bb. <br><br>Este curso es impartido por integrantes de la \u201cFundaci\u00f3n Ciudadan\u00eda\u201d de Espa\u00f1a y es una actividad que se desarrolla como parte de las acciones a trav\u00e9s de las cuales se trabaja para consolidar la pacificaci\u00f3n de Zacatecas.<br><br>Esta iniciativa contribuye a desarrollar los conocimientos y habilidades necesarios para que las y los agentes adquieran las competencias necesarias para sus tareas diarias dentro de las Fuerzas de Seguridad, reforzando su profesionalismo en el \u00e1mbito de la cultura y la construcci\u00f3n de la paz. <br><br>La formaci\u00f3n incluye conocimientos te\u00f3ricos y pr\u00e1cticos sobre estudios de paz, educaci\u00f3n para la paz, cultura de paz, y transformaci\u00f3n de conflictos en las relaciones interpersonales, as\u00ed como en el an\u00e1lisis de conflictos armados, participaci\u00f3n de la sociedad civil, democracia participativa, derechos humanos y la dimensi\u00f3n de g\u00e9nero en los conflictos.<br><br>Asimismo, se busca distinguir aspectos b\u00e1sicos en las funciones y atribuciones de la actuaci\u00f3n policial con perspectiva de g\u00e9nero bajo est\u00e1ndares de derechos humanos y fortalecimiento del debido proceso, as\u00ed como contribuir al cumplimiento de la Agenda de la Paz 2024, brindando a las Fuerzas de Seguridad el derecho a adquirir conocimientos necesarios para promover la igualdad y el desarrollo sostenible.<br><br>En su mensaje de bienvenida, el General Arturo Medina Mayoral dijo que este curso representa una oportunidad para el fortalecimiento de las capacidades y competencias en materia de seguridad p\u00fablica. Destac\u00f3 que la Fundaci\u00f3n Ciudadan\u00eda, con su amplia experiencia y prestigio internacional, ofrece un programa integral que enriquecer\u00e1 los conocimientos y brindar\u00e1 nuevas herramientas para enfrentar los retos diarios que se presenta en Zacatecas.<br><br>\u201cLa capacitaci\u00f3n continua de nuestros cuerpos policiales y de seguridad es esencial para el progreso de Zacatecas. En un contexto donde la seguridad es una de las principales preocupaciones, es imperativo que nuestros elementos se mantengan actualizados y preparados para responder de manera eficaz y eficiente a las demandas de la ciudadan\u00eda. Este curso, sin duda, contribuir\u00e1 significativamente a alcanzar estos objetivos\u201d, afirm\u00f3.<br><br>Agradeci\u00f3 a la Fundaci\u00f3n Ciudadan\u00eda por su compromiso y disposici\u00f3n para compartir su conocimiento, resaltando que esta colaboraci\u00f3n rendir\u00e1 frutos en la mejora de las pr\u00e1cticas y en el incremento de la seguridad y bienestar de todas y todos los zacatecanos.<br><br>El evento inaugural cont\u00f3 con la participaci\u00f3n del Director de la Fundaci\u00f3n Ciudadan\u00eda, Juan Jos\u00e9 Salado S\u00e1nchez; Julieta Monta\u00f1o Salvatierra, defensora de los derechos humanos, activista de los derechos de la mujer y escritora feminista; y Juan Carlos Gonz\u00e1lez, Docente y Coordinador T\u00e9cnico de la Fundaci\u00f3n Ciudadan\u00eda, quienes durante los pr\u00f3ximos tres d\u00edas brindaran diversas capacitaciones y talleres a los elementos de la Fuerzas de Seguridad.<br><br>Asistieron tambi\u00e9n, el Subsecretario de Operaci\u00f3n Policial Oscar Alberto Aparicio Avenda\u00f1o; el Secretario Ejecutivo del Sistema Estatal de Seguridad P\u00fablica, Eduardo Flores Sonduk, as\u00ed como representantes del Ej\u00e9rcito Mexicano y la Secretaria General de Gobierno.<br><br>A trav\u00e9s de esta primera capacitaci\u00f3n, la Secretar\u00eda de Seguridad P\u00fablica y la Fundaci\u00f3n Ciudadan\u00eda trabajan para que cada uno de los asistentes se convierta en un agente de cambio y en un promotor de la paz en Zacatecas.<br><br><br>\u2014ooOoo\u2014<\/p>\n","protected":false},"excerpt":{"rendered":"<p>\u25aa\ufe0fEsta iniciativa permite desarrollar los conocimientos y habilidades necesarias para que las y los agentes de seguridad adquieran las competencias requeridas para sus tareas diarias \u25aa\ufe0fLa formaci\u00f3n incluye conocimientos te\u00f3ricos y pr\u00e1cticos sobre estudios de paz, educaci\u00f3n para la paz, cultura de paz, y transformaci\u00f3n de conflictos Zacatecas, Zac., 5 de agosto de 2024. \u2013 [&hellip;]<\/p>\n","protected":false},"author":3,"featured_media":20453,"comment_status":"open","ping_status":"open","sticky":false,"template":"","format":"standard","meta":{"footnotes":""},"categories":[4,22],"tags":[],"class_list":["post-20454","post","type-post","status-publish","format-standard","has-post-thumbnail","hentry","category-webgobierno","category-gobierno"],"jetpack_featured_media_url":"http:\/\/web-zac.com\/wp-content\/uploads\/2024\/08\/IMG-20240805-WA0105.jpg","_links":{"self":[{"href":"http:\/\/web-zac.com\/index.php?rest_route=\/wp\/v2\/posts\/20454","targetHints":{"allow":["GET"]}}],"collection":[{"href":"http:\/\/web-zac.com\/index.php?rest_route=\/wp\/v2\/posts"}],"about":[{"href":"http:\/\/web-zac.com\/index.php?rest_route=\/wp\/v2\/types\/post"}],"author":[{"embeddable":true,"href":"http:\/\/web-zac.com\/index.php?rest_route=\/wp\/v2\/users\/3"}],"replies":[{"embeddable":true,"href":"http:\/\/web-zac.com\/index.php?rest_route=%2Fwp%2Fv2%2Fcomments&post=20454"}],"version-history":[{"count":1,"href":"http:\/\/web-zac.com\/index.php?rest_route=\/wp\/v2\/posts\/20454\/revisions"}],"predecessor-version":[{"id":20455,"href":"http:\/\/web-zac.com\/index.php?rest_route=\/wp\/v2\/posts\/20454\/revisions\/20455"}],"wp:featuredmedia":[{"embeddable":true,"href":"http:\/\/web-zac.com\/index.php?rest_route=\/wp\/v2\/media\/20453"}],"wp:attachment":[{"href":"http:\/\/web-zac.com\/index.php?rest_route=%2Fwp%2Fv2%2Fmedia&parent=20454"}],"wp:term":[{"taxonomy":"category","embeddable":true,"href":"http:\/\/web-zac.com\/index.php?rest_route=%2Fwp%2Fv2%2Fcategories&post=20454"},{"taxonomy":"post_tag","embeddable":true,"href":"http:\/\/web-zac.com\/index.php?rest_route=%2Fwp%2Fv2%2Ftags&post=20454"}],"curies":[{"name":"wp","href":"https:\/\/api.w.org\/{rel}","templated":true}]}}