{"id":20445,"date":"2024-08-05T20:39:13","date_gmt":"2024-08-06T01:39:13","guid":{"rendered":"http:\/\/web-zac.com\/?p=20445"},"modified":"2024-08-05T20:39:42","modified_gmt":"2024-08-06T01:39:42","slug":"inicia-cecytez-actualizacion-y-capacitacion-docente-de-cara-al-ciclo-escolar-2024-2025","status":"publish","type":"post","link":"http:\/\/web-zac.com\/?p=20445","title":{"rendered":"Inicia Cecytez actualizaci\u00f3n y capacitaci\u00f3n docente de cara al ciclo escolar 2024 &#8211; 2025<br>"},"content":{"rendered":"\n<p><br>\u25aa&nbsp;&nbsp; Inici\u00f3 con la Jornada Intersemestral de Capacitaci\u00f3n y Actualizaci\u00f3n para el personal docente<br>\u25aa&nbsp;&nbsp; Abordar\u00e1n t\u00f3picos que complementar\u00e1n implementaci\u00f3n del Marco Curricular Com\u00fan<br><br>Zacatecas, Zac., 5 de agosto de 2024.- El Colegio de Estudios Cient\u00edficos y Tecnol\u00f3gicos del Estado de Zacatecas (Cecytez) inici\u00f3 la Jornada de Capacitaci\u00f3n y Actualizaci\u00f3n Permanente a la comunidad docente del subsistema, en la antesala del ciclo escolar 2024 \u2013 2025.<br><br>Julio C\u00e9sar Ortiz Fuentes, director general del Cecytez, se\u00f1al\u00f3 que el Colegio privilegia la formaci\u00f3n y actualizaci\u00f3n permanente de los docentes, pues es la base para preparar a los j\u00f3venes con una visi\u00f3n innovadora, que apuntale la construcci\u00f3n de la paz desde la educaci\u00f3n, premisa que fomenta la administraci\u00f3n encabezada por Gobernador David Monreal \u00c1vila.<br><br>De la mano con la Benem\u00e9rita Escuela Normal Manuel \u00c1vila Camacho (BENMAC), la planta docente del subsistema trabajar\u00e1, durante una semana, t\u00f3picos para la implementaci\u00f3n del Marco Curricular Com\u00fan de la Nueva Escuela Mexicana, que permitir\u00e1n a las y los maestros implantar en el estudiantado las habilidades necesarias para encarar los retos de la transformaci\u00f3n que la sociedad demanda.<br><br>Ortiz Fuentes adelant\u00f3 que, en este mismo rubro, se trabajar\u00e1 de cerca con el Instituto de Capacitaci\u00f3n para el Trabajo de Zacatecas (Icatez), as\u00ed como con la Direcci\u00f3n General de Centros de Formaci\u00f3n para el Trabajo (DGCFT) en Zacatecas, a trav\u00e9s del Cecati, para conformar una plataforma de actualizaci\u00f3n continua para garantizar a las y los docentes su permanencia en la vanguardia acad\u00e9mica y pedag\u00f3gica.<br><br>A nombre de la Secretaria de Educaci\u00f3n de Zacatecas, Mar\u00eda del Carmen Salinas Flores, la responsable de \u00d3rganos P\u00fablicos Descentralizados de la dependencia, Susana de Monserrat Alem\u00e1n Cota, reconoci\u00f3 la labor del Cecytez por el compromiso permanente con la juventud del estado, lo que le ha valido convertirse en una opci\u00f3n de educaci\u00f3n media superior por excelencia en la entidad. <br><br>\u2014ooOoo\u2014<\/p>\n","protected":false},"excerpt":{"rendered":"<p>\u25aa&nbsp;&nbsp; Inici\u00f3 con la Jornada Intersemestral de Capacitaci\u00f3n y Actualizaci\u00f3n para el personal docente\u25aa&nbsp;&nbsp; Abordar\u00e1n t\u00f3picos que complementar\u00e1n implementaci\u00f3n del Marco Curricular Com\u00fan Zacatecas, Zac., 5 de agosto de 2024.- El Colegio de Estudios Cient\u00edficos y Tecnol\u00f3gicos del Estado de Zacatecas (Cecytez) inici\u00f3 la Jornada de Capacitaci\u00f3n y Actualizaci\u00f3n Permanente a la comunidad docente del [&hellip;]<\/p>\n","protected":false},"author":3,"featured_media":20444,"comment_status":"open","ping_status":"open","sticky":false,"template":"","format":"standard","meta":{"footnotes":""},"categories":[4,22],"tags":[],"class_list":["post-20445","post","type-post","status-publish","format-standard","has-post-thumbnail","hentry","category-webgobierno","category-gobierno"],"jetpack_featured_media_url":"http:\/\/web-zac.com\/wp-content\/uploads\/2024\/08\/IMG-20240805-WA0069.jpg","_links":{"self":[{"href":"http:\/\/web-zac.com\/index.php?rest_route=\/wp\/v2\/posts\/20445","targetHints":{"allow":["GET"]}}],"collection":[{"href":"http:\/\/web-zac.com\/index.php?rest_route=\/wp\/v2\/posts"}],"about":[{"href":"http:\/\/web-zac.com\/index.php?rest_route=\/wp\/v2\/types\/post"}],"author":[{"embeddable":true,"href":"http:\/\/web-zac.com\/index.php?rest_route=\/wp\/v2\/users\/3"}],"replies":[{"embeddable":true,"href":"http:\/\/web-zac.com\/index.php?rest_route=%2Fwp%2Fv2%2Fcomments&post=20445"}],"version-history":[{"count":1,"href":"http:\/\/web-zac.com\/index.php?rest_route=\/wp\/v2\/posts\/20445\/revisions"}],"predecessor-version":[{"id":20446,"href":"http:\/\/web-zac.com\/index.php?rest_route=\/wp\/v2\/posts\/20445\/revisions\/20446"}],"wp:featuredmedia":[{"embeddable":true,"href":"http:\/\/web-zac.com\/index.php?rest_route=\/wp\/v2\/media\/20444"}],"wp:attachment":[{"href":"http:\/\/web-zac.com\/index.php?rest_route=%2Fwp%2Fv2%2Fmedia&parent=20445"}],"wp:term":[{"taxonomy":"category","embeddable":true,"href":"http:\/\/web-zac.com\/index.php?rest_route=%2Fwp%2Fv2%2Fcategories&post=20445"},{"taxonomy":"post_tag","embeddable":true,"href":"http:\/\/web-zac.com\/index.php?rest_route=%2Fwp%2Fv2%2Ftags&post=20445"}],"curies":[{"name":"wp","href":"https:\/\/api.w.org\/{rel}","templated":true}]}}