{"id":20431,"date":"2024-08-02T14:45:36","date_gmt":"2024-08-02T19:45:36","guid":{"rendered":"http:\/\/web-zac.com\/?p=20431"},"modified":"2024-08-02T14:46:12","modified_gmt":"2024-08-02T19:46:12","slug":"celebran-en-zacatecas-el-2do-encuentro-nacional-autenticas-mujeres-mineras","status":"publish","type":"post","link":"http:\/\/web-zac.com\/?p=20431","title":{"rendered":"Celebran en Zacatecas el 2do Encuentro Nacional Aut\u00e9nticas Mujeres Mineras"},"content":{"rendered":"\n<p><\/p>\n\n\n\n<p>El l\u00edder del Sindicato Nacional Minero Metal\u00fargico FRENTE, Carlos Pav\u00f3n Campos, anunci\u00f3 la realizaci\u00f3n del 2do Encuentro Nacional Aut\u00e9nticas Mujeres Mineras en Zacatecas, Zacatecas. Este evento re\u00fane al mayor n\u00famero de mujeres profesionales de la miner\u00eda en todo M\u00e9xico, consolid\u00e1ndose como un logro significativo del sindicato y de su l\u00edder.<\/p>\n\n\n\n<p>Aut\u00e9nticas Mujeres Mineras, iniciativa de Pav\u00f3n Campos, busca empoderar a las mujeres del sector. Durante cinco d\u00edas, las participantes adquieren conocimientos y herramientas en \u00e1reas como g\u00e9nero, equidad, sororidad y empoderamiento. Esta capacitaci\u00f3n refleja el compromiso del Sindicato Frente con la igualdad de g\u00e9nero y la inclusi\u00f3n, presente desde hace 14 a\u00f1os.<\/p>\n\n\n\n<p>Pav\u00f3n Campos destac\u00f3 la importancia de la participaci\u00f3n femenina en el desarrollo de la industria minera nacional, subrayando que en el Sindicato Frente no existen \u00abprimeras damas\u00bb. \u00abEn este sindicato todos y todas somos iguales y somos mineras y mineros reales\u00bb, afirm\u00f3.<\/p>\n\n\n\n<p>M\u00e1s de 400 mineras de diversas secciones como Fresnillo, Saucito, Juanicipio, Caborca, Velarde\u00f1a, La Ci\u00e9nega, San Juli\u00e1n, Capela, Avino y Bermejillo participar\u00e1n en este encuentro, que se lleva a cabo del 29 de julio al 2 de agosto.<\/p>\n","protected":false},"excerpt":{"rendered":"<p>El l\u00edder del Sindicato Nacional Minero Metal\u00fargico FRENTE, Carlos Pav\u00f3n Campos, anunci\u00f3 la realizaci\u00f3n del 2do Encuentro Nacional Aut\u00e9nticas Mujeres Mineras en Zacatecas, Zacatecas. Este evento re\u00fane al mayor n\u00famero de mujeres profesionales de la miner\u00eda en todo M\u00e9xico, consolid\u00e1ndose como un logro significativo del sindicato y de su l\u00edder. Aut\u00e9nticas Mujeres Mineras, iniciativa de [&hellip;]<\/p>\n","protected":false},"author":3,"featured_media":20430,"comment_status":"open","ping_status":"open","sticky":false,"template":"","format":"standard","meta":{"footnotes":""},"categories":[19],"tags":[],"class_list":["post-20431","post","type-post","status-publish","format-standard","has-post-thumbnail","hentry","category-fresnillo"],"jetpack_featured_media_url":"http:\/\/web-zac.com\/wp-content\/uploads\/2024\/08\/IMG-20240802-WA0051-scaled.jpg","_links":{"self":[{"href":"http:\/\/web-zac.com\/index.php?rest_route=\/wp\/v2\/posts\/20431","targetHints":{"allow":["GET"]}}],"collection":[{"href":"http:\/\/web-zac.com\/index.php?rest_route=\/wp\/v2\/posts"}],"about":[{"href":"http:\/\/web-zac.com\/index.php?rest_route=\/wp\/v2\/types\/post"}],"author":[{"embeddable":true,"href":"http:\/\/web-zac.com\/index.php?rest_route=\/wp\/v2\/users\/3"}],"replies":[{"embeddable":true,"href":"http:\/\/web-zac.com\/index.php?rest_route=%2Fwp%2Fv2%2Fcomments&post=20431"}],"version-history":[{"count":1,"href":"http:\/\/web-zac.com\/index.php?rest_route=\/wp\/v2\/posts\/20431\/revisions"}],"predecessor-version":[{"id":20432,"href":"http:\/\/web-zac.com\/index.php?rest_route=\/wp\/v2\/posts\/20431\/revisions\/20432"}],"wp:featuredmedia":[{"embeddable":true,"href":"http:\/\/web-zac.com\/index.php?rest_route=\/wp\/v2\/media\/20430"}],"wp:attachment":[{"href":"http:\/\/web-zac.com\/index.php?rest_route=%2Fwp%2Fv2%2Fmedia&parent=20431"}],"wp:term":[{"taxonomy":"category","embeddable":true,"href":"http:\/\/web-zac.com\/index.php?rest_route=%2Fwp%2Fv2%2Fcategories&post=20431"},{"taxonomy":"post_tag","embeddable":true,"href":"http:\/\/web-zac.com\/index.php?rest_route=%2Fwp%2Fv2%2Ftags&post=20431"}],"curies":[{"name":"wp","href":"https:\/\/api.w.org\/{rel}","templated":true}]}}