{"id":20369,"date":"2024-07-29T22:10:43","date_gmt":"2024-07-30T03:10:43","guid":{"rendered":"http:\/\/web-zac.com\/?p=20369"},"modified":"2024-07-29T22:10:43","modified_gmt":"2024-07-30T03:10:43","slug":"20369","status":"publish","type":"post","link":"http:\/\/web-zac.com\/?p=20369","title":{"rendered":""},"content":{"rendered":"\n<p>Encantan a miles de espectadores agrupaciones folcl\u00f3ricas extranjeras y nacionales<br><br>\u25aa\ufe0fSe desarrolla el segundo d\u00eda de actividades del 27 Festival Zacatecas del Folclor Internacional \u201cGustavo Vaquera Contreras\u201d 2024<br>\u25aa\ufe0fAbren formalmente los foros de m\u00fasica y fandango popular, funciones de gala y danzas tradicionales <br>\u25aa\ufe0fComo actividad especial, en la Plaza Bicentenario de desarroll\u00f3 la exhibici\u00f3n del Juego Mesoamericano de Pelota de Cadera<br><br>Zacatecas, Zac., 29 de julio de 2024.- A fin de celebrar y resaltar la riqueza de las tradiciones prehisp\u00e1nicas, en el segundo d\u00eda de actividades del Festival Zacatecas del Folclor Internacional \u201cGustavo Vaquera Contreras\u201d 2024, se llev\u00f3 a cabo, en la Plaza Bicentenario, la exhibici\u00f3n del Juego Mesoamericano de Pelota de Cadera, evento que cont\u00f3 con la participaci\u00f3n de las delegaciones de Quintana Roo y Zacatecas. <br><br>Este encuentro se centr\u00f3 en resaltar la parte ceremonial de las culturas prehisp\u00e1nicas, mediante la m\u00fasica y el juego de pelota de cadera, una pr\u00e1ctica ancestral con profundas ra\u00edces hist\u00f3ricas y culturales, en donde las delegaciones de Quintana Roo y Zacatecas ofrecieron una demostraci\u00f3n de sus habilidades en el juego, adem\u00e1s de compartir aspectos ceremoniales y culturales que enriquecieron la experiencia de los asistentes.<br><br>Francisco de la Rosa Mireles, director del equipo de pelota mesoamericana de cadera de Zacatecas, destac\u00f3 que esta edici\u00f3n del encuentro tuvo como objetivo resaltar las tradiciones ceremoniales de las culturas prehisp\u00e1nicas. \u00abBuscamos que las culturas prehisp\u00e1nicas de Zacatecas, que a\u00fan prevalecen, sean visualizadas y apreciadas por nuestros ciudadanos\u00bb, expuso.<br><br>Este lunes, se abrieron formalmente los foros de las funciones de gala, en el Teatro Fernando Calder\u00f3n; las danzas tradicionales de la Plazuela Goitia; la m\u00fasica y el fandango popular de la Plazuela Miguel Auza, as\u00ed como la programaci\u00f3n del escenario principal del Festival, situado en la Plaza de Armas de la capital zacatecana. <br><br>En este \u00faltimo en menci\u00f3n, se cont\u00f3 con la participaci\u00f3n del Ballet Folkl\u00f3rico Danza Panam\u00e1, bajo la direcci\u00f3n art\u00edstica de Gregorio Gonz\u00e1lez Serrano, agrupaci\u00f3n fundada en 2013, que tiene como objetivo promover, proyectar y preservar las tradiciones culturales de Panam\u00e1, a trav\u00e9s de bailes y danzas, en los que, adem\u00e1s, destacan los trajes y accesorios que representan la riqueza del folclor paname\u00f1o. La presentaci\u00f3n de la agrupaci\u00f3n paname\u00f1a fue antecedida por las actuaciones de las delegaciones de Yucat\u00e1n y Chihuahua.<br><br>En la primera funci\u00f3n de gala, celebrada en el foro principal del Teatro Fernando Calder\u00f3n, se present\u00f3 la Compa\u00f1\u00eda Nacional de Danza Folcl\u00f3rica \u201cHerencia Viva\u201d, de Colombia, agrupaci\u00f3n que durante 30 a\u00f1os se ha dedicado a difundir el folclor colombiano a niveles nacional e internacional. Dirigida por M\u00f3nica C. Mercado, la compa\u00f1\u00eda, que ha actuado en escenarios de pa\u00edses de Am\u00e9rica y Europa, se present\u00f3 despu\u00e9s de la destacada participaci\u00f3n de la agrupaci\u00f3n mexicana del estado de Morelos. <br><br>Uno de los foros m\u00e1s apreciados por el p\u00fablico local, nacional y extranjero es el de m\u00fasica y fandango popular, inaugurado este lunes por las agrupaciones \u201cArpa Grande\u00bb de Tijuana, Baja California; Marimba de la Casa de la Cultura de Ocosingo, Chiapas, y Atipaj Folk, proveniente de Bolivia. <br><br>\u2014ooOoo\u2014<\/p>\n","protected":false},"excerpt":{"rendered":"<p>Encantan a miles de espectadores agrupaciones folcl\u00f3ricas extranjeras y nacionales \u25aa\ufe0fSe desarrolla el segundo d\u00eda de actividades del 27 Festival Zacatecas del Folclor Internacional \u201cGustavo Vaquera Contreras\u201d 2024\u25aa\ufe0fAbren formalmente los foros de m\u00fasica y fandango popular, funciones de gala y danzas tradicionales \u25aa\ufe0fComo actividad especial, en la Plaza Bicentenario de desarroll\u00f3 la exhibici\u00f3n del Juego [&hellip;]<\/p>\n","protected":false},"author":3,"featured_media":20368,"comment_status":"open","ping_status":"open","sticky":false,"template":"","format":"standard","meta":{"footnotes":""},"categories":[11,7,4,22,13],"tags":[],"class_list":["post-20369","post","type-post","status-publish","format-standard","has-post-thumbnail","hentry","category-cultura","category-webentretenimiento","category-webgobierno","category-gobierno","category-turismo"],"jetpack_featured_media_url":"http:\/\/web-zac.com\/wp-content\/uploads\/2024\/07\/IMG-20240729-WA0186.jpg","_links":{"self":[{"href":"http:\/\/web-zac.com\/index.php?rest_route=\/wp\/v2\/posts\/20369","targetHints":{"allow":["GET"]}}],"collection":[{"href":"http:\/\/web-zac.com\/index.php?rest_route=\/wp\/v2\/posts"}],"about":[{"href":"http:\/\/web-zac.com\/index.php?rest_route=\/wp\/v2\/types\/post"}],"author":[{"embeddable":true,"href":"http:\/\/web-zac.com\/index.php?rest_route=\/wp\/v2\/users\/3"}],"replies":[{"embeddable":true,"href":"http:\/\/web-zac.com\/index.php?rest_route=%2Fwp%2Fv2%2Fcomments&post=20369"}],"version-history":[{"count":1,"href":"http:\/\/web-zac.com\/index.php?rest_route=\/wp\/v2\/posts\/20369\/revisions"}],"predecessor-version":[{"id":20370,"href":"http:\/\/web-zac.com\/index.php?rest_route=\/wp\/v2\/posts\/20369\/revisions\/20370"}],"wp:featuredmedia":[{"embeddable":true,"href":"http:\/\/web-zac.com\/index.php?rest_route=\/wp\/v2\/media\/20368"}],"wp:attachment":[{"href":"http:\/\/web-zac.com\/index.php?rest_route=%2Fwp%2Fv2%2Fmedia&parent=20369"}],"wp:term":[{"taxonomy":"category","embeddable":true,"href":"http:\/\/web-zac.com\/index.php?rest_route=%2Fwp%2Fv2%2Fcategories&post=20369"},{"taxonomy":"post_tag","embeddable":true,"href":"http:\/\/web-zac.com\/index.php?rest_route=%2Fwp%2Fv2%2Ftags&post=20369"}],"curies":[{"name":"wp","href":"https:\/\/api.w.org\/{rel}","templated":true}]}}