{"id":20079,"date":"2024-07-09T20:58:54","date_gmt":"2024-07-10T01:58:54","guid":{"rendered":"http:\/\/web-zac.com\/?p=20079"},"modified":"2024-07-09T20:58:54","modified_gmt":"2024-07-10T01:58:54","slug":"20079","status":"publish","type":"post","link":"http:\/\/web-zac.com\/?p=20079","title":{"rendered":""},"content":{"rendered":"\n<p>Familias de Juan Aldama reciben del Gobierno del Estado paquetes alimentarios <br><br>Juan Aldama, Zac., 9 de julio de 2024.- Pobladores de la comunidad Esp\u00edritu Santo, en Juan Aldama, fueron beneficiados con paquetes alimentarios que les otorg\u00f3 el Gobernador David Monreal \u00c1vila, en apoyo a la econom\u00eda de las familias, al bienestar social y como parte de la Agenda del A\u00f1o de la Paz.<br><br>En representaci\u00f3n del mandatario, el Jefe de Oficina del Gobernador, Carlos Z\u00fa\u00f1iga Rivera, dijo a las y los beneficiarios que hay un gran compromiso con la poblaci\u00f3n de Juan Aldama, por lo que les anunci\u00f3 que se fortalecer\u00e1n los apoyos y la obra p\u00fablica para esa regi\u00f3n del estado.<br><br>Destac\u00f3 que el Gobernador continuar\u00e1 con el respaldo a las familias mediante la entrega de \u00fatiles, uniformes y mochilas escolares gratuitas y de manera universal para todas las escuelas p\u00fablicas del estado, as\u00ed como con las becas y pensiones que se otorgan en coordinaci\u00f3n con el Presidente Andr\u00e9s Manuel L\u00f3pez Obrador. <br><br>\u201cNo est\u00e1n solos, tienen un Gobernador que los respalda\u201d, le dijo a la gente de la comunidad el Jefe de Oficina, acompa\u00f1ado de Karla Mart\u00ednez, enlace de los Servidores de la Naci\u00f3n del Gobierno de M\u00e9xico.&nbsp; <br><br>\u2014ooOoo\u2014<\/p>\n","protected":false},"excerpt":{"rendered":"<p>Familias de Juan Aldama reciben del Gobierno del Estado paquetes alimentarios Juan Aldama, Zac., 9 de julio de 2024.- Pobladores de la comunidad Esp\u00edritu Santo, en Juan Aldama, fueron beneficiados con paquetes alimentarios que les otorg\u00f3 el Gobernador David Monreal \u00c1vila, en apoyo a la econom\u00eda de las familias, al bienestar social y como parte [&hellip;]<\/p>\n","protected":false},"author":3,"featured_media":20078,"comment_status":"open","ping_status":"open","sticky":false,"template":"","format":"standard","meta":{"footnotes":""},"categories":[4,22],"tags":[],"class_list":["post-20079","post","type-post","status-publish","format-standard","has-post-thumbnail","hentry","category-webgobierno","category-gobierno"],"jetpack_featured_media_url":"http:\/\/web-zac.com\/wp-content\/uploads\/2024\/07\/IMG-20240709-WA0167.jpg","_links":{"self":[{"href":"http:\/\/web-zac.com\/index.php?rest_route=\/wp\/v2\/posts\/20079","targetHints":{"allow":["GET"]}}],"collection":[{"href":"http:\/\/web-zac.com\/index.php?rest_route=\/wp\/v2\/posts"}],"about":[{"href":"http:\/\/web-zac.com\/index.php?rest_route=\/wp\/v2\/types\/post"}],"author":[{"embeddable":true,"href":"http:\/\/web-zac.com\/index.php?rest_route=\/wp\/v2\/users\/3"}],"replies":[{"embeddable":true,"href":"http:\/\/web-zac.com\/index.php?rest_route=%2Fwp%2Fv2%2Fcomments&post=20079"}],"version-history":[{"count":1,"href":"http:\/\/web-zac.com\/index.php?rest_route=\/wp\/v2\/posts\/20079\/revisions"}],"predecessor-version":[{"id":20080,"href":"http:\/\/web-zac.com\/index.php?rest_route=\/wp\/v2\/posts\/20079\/revisions\/20080"}],"wp:featuredmedia":[{"embeddable":true,"href":"http:\/\/web-zac.com\/index.php?rest_route=\/wp\/v2\/media\/20078"}],"wp:attachment":[{"href":"http:\/\/web-zac.com\/index.php?rest_route=%2Fwp%2Fv2%2Fmedia&parent=20079"}],"wp:term":[{"taxonomy":"category","embeddable":true,"href":"http:\/\/web-zac.com\/index.php?rest_route=%2Fwp%2Fv2%2Fcategories&post=20079"},{"taxonomy":"post_tag","embeddable":true,"href":"http:\/\/web-zac.com\/index.php?rest_route=%2Fwp%2Fv2%2Ftags&post=20079"}],"curies":[{"name":"wp","href":"https:\/\/api.w.org\/{rel}","templated":true}]}}