{"id":19160,"date":"2024-05-08T18:32:33","date_gmt":"2024-05-08T23:32:33","guid":{"rendered":"http:\/\/web-zac.com\/?p=19160"},"modified":"2024-05-08T18:33:48","modified_gmt":"2024-05-08T23:33:48","slug":"reconoce-gobernador-a-comunidad-educativa-del-cam-gabriela-brimmer-en-fresnillo","status":"publish","type":"post","link":"http:\/\/web-zac.com\/?p=19160","title":{"rendered":"Reconoce Gobernador a comunidad educativa del CAM \u201cGabriela Brimmer\u201d, en Fresnillo"},"content":{"rendered":"\n<figure class=\"wp-block-image size-large\"><img loading=\"lazy\" decoding=\"async\" width=\"1024\" height=\"682\" src=\"http:\/\/web-zac.com\/wp-content\/uploads\/2024\/05\/img-20240508-wa01541021400953754822547-1024x682.jpg\" alt=\"\" class=\"wp-image-19162\" srcset=\"http:\/\/web-zac.com\/wp-content\/uploads\/2024\/05\/img-20240508-wa01541021400953754822547-1024x682.jpg 1024w, http:\/\/web-zac.com\/wp-content\/uploads\/2024\/05\/img-20240508-wa01541021400953754822547-300x200.jpg 300w, http:\/\/web-zac.com\/wp-content\/uploads\/2024\/05\/img-20240508-wa01541021400953754822547-768x512.jpg 768w, http:\/\/web-zac.com\/wp-content\/uploads\/2024\/05\/img-20240508-wa01541021400953754822547-1200x800.jpg 1200w, http:\/\/web-zac.com\/wp-content\/uploads\/2024\/05\/img-20240508-wa01541021400953754822547.jpg 1280w\" sizes=\"auto, (max-width: 1024px) 100vw, 1024px\" \/><\/figure>\n\n\n\n<p><br \/><br \/>\u25fc\tEs su recorrido por la instituci\u00f3n, destac\u00f3 que la educaci\u00f3n inclusiva es una prioridad para fortalecer a la sociedad <br \/>\u25fc\tLas y los estudiantes participan en talleres de cocina, jardiner\u00eda, manualidades y carpinter\u00eda<br \/><br \/>Fresnillo, Zac., 8 de mayo de 2024.- La educaci\u00f3n inclusiva es una prioridad para fortalecer nuestra sociedad y es la mejor herencia que podemos dejar a la juventud, destac\u00f3 el Gobernador de Zacatecas durante su recorrido por el Centro de Atenci\u00f3n M\u00faltiple (CAM) \u201cGabriela Brimmer\u201d, en Fresnillo. <br \/><br \/>Durante su visita al municipio, se reuni\u00f3 con la comunidad escolar y aprovech\u00f3 el encuentro para subrayar que la educaci\u00f3n es la mejor herramienta para el desarrollo de cualquier sociedad. <br \/><br \/>Reconoci\u00f3 la vocaci\u00f3n y compromiso de las y los maestros que atienden a las y los ni\u00f1os con discapacidad, por lo que destac\u00f3 su importancia en la conquista de derechos y libertades en la actualidad.<br \/><br \/>En el CAM, dijo el mandatario, los 114 estudiantes con alguna discapacidad reciben educaci\u00f3n especializada para mejorar sus procesos de aprendizaje y fortalecer su inserci\u00f3n educativa, incluso en el \u00e1mbito laboral.<br \/><br \/>Al respecto, cabe mencionar que las y los alumnos participan en talleres donde desarrollan sus capacidades y adquieren conocimientos de cocina, jardiner\u00eda, manualidades, carpinter\u00eda y de corte y confecci\u00f3n. <br \/><br \/>\u2014ooOoo\u2014<\/p>\n","protected":false},"excerpt":{"rendered":"<p>\u25fc Es su recorrido por la instituci\u00f3n, destac\u00f3 que la educaci\u00f3n inclusiva es una prioridad para fortalecer a la sociedad \u25fc Las y los estudiantes participan en talleres de cocina, jardiner\u00eda, manualidades y carpinter\u00eda Fresnillo, Zac., 8 de mayo de 2024.- La educaci\u00f3n inclusiva es una prioridad para fortalecer nuestra sociedad y es la mejor [&hellip;]<\/p>\n","protected":false},"author":3,"featured_media":19162,"comment_status":"open","ping_status":"open","sticky":false,"template":"","format":"standard","meta":{"footnotes":""},"categories":[4,22],"tags":[],"class_list":["post-19160","post","type-post","status-publish","format-standard","has-post-thumbnail","hentry","category-webgobierno","category-gobierno"],"jetpack_featured_media_url":"http:\/\/web-zac.com\/wp-content\/uploads\/2024\/05\/img-20240508-wa01541021400953754822547.jpg","_links":{"self":[{"href":"http:\/\/web-zac.com\/index.php?rest_route=\/wp\/v2\/posts\/19160","targetHints":{"allow":["GET"]}}],"collection":[{"href":"http:\/\/web-zac.com\/index.php?rest_route=\/wp\/v2\/posts"}],"about":[{"href":"http:\/\/web-zac.com\/index.php?rest_route=\/wp\/v2\/types\/post"}],"author":[{"embeddable":true,"href":"http:\/\/web-zac.com\/index.php?rest_route=\/wp\/v2\/users\/3"}],"replies":[{"embeddable":true,"href":"http:\/\/web-zac.com\/index.php?rest_route=%2Fwp%2Fv2%2Fcomments&post=19160"}],"version-history":[{"count":2,"href":"http:\/\/web-zac.com\/index.php?rest_route=\/wp\/v2\/posts\/19160\/revisions"}],"predecessor-version":[{"id":19163,"href":"http:\/\/web-zac.com\/index.php?rest_route=\/wp\/v2\/posts\/19160\/revisions\/19163"}],"wp:featuredmedia":[{"embeddable":true,"href":"http:\/\/web-zac.com\/index.php?rest_route=\/wp\/v2\/media\/19162"}],"wp:attachment":[{"href":"http:\/\/web-zac.com\/index.php?rest_route=%2Fwp%2Fv2%2Fmedia&parent=19160"}],"wp:term":[{"taxonomy":"category","embeddable":true,"href":"http:\/\/web-zac.com\/index.php?rest_route=%2Fwp%2Fv2%2Fcategories&post=19160"},{"taxonomy":"post_tag","embeddable":true,"href":"http:\/\/web-zac.com\/index.php?rest_route=%2Fwp%2Fv2%2Ftags&post=19160"}],"curies":[{"name":"wp","href":"https:\/\/api.w.org\/{rel}","templated":true}]}}