{"id":19154,"date":"2024-05-06T17:31:51","date_gmt":"2024-05-06T22:31:51","guid":{"rendered":"http:\/\/web-zac.com\/?p=19154"},"modified":"2024-05-06T17:32:03","modified_gmt":"2024-05-06T22:32:03","slug":"llama-bennelly-hernandez-a-la-participacion-del-voto-informado","status":"publish","type":"post","link":"http:\/\/web-zac.com\/?p=19154","title":{"rendered":"Llama Bennelly Hern\u00e1ndez a la participaci\u00f3n del voto informado"},"content":{"rendered":"\n<p>\n<br>\n<br>Fresnillo, Zac.- La candidata a presidenta municipal de Fresnillo, Bennelly Hern\u00e1ndez Ruedas, exhort\u00f3 a la ciudadan\u00eda a participar&nbsp; en las elecciones del pr\u00f3ximo 2 de junio, siendo el ejercicio democr\u00e1tico que nos permite decidir a las autoridades que nos gobiernan.\n<br>Por su visita en las comunidades de El Tigre, Milpillas de la Sierra, Redenci\u00f3n, Estaci\u00f3n Guti\u00e9rrez, La Encantada y La Salada; Hern\u00e1ndez Ruedas, enfatiz\u00f3 que para llevar a cabo esta decisi\u00f3n, como ciudadanos responsables, es un deber estar informado de los perfiles que aspiran a tales cargos; conociendo sus propuestas, ideas y plan de trabajo, que atienda las necesidades del entorno y la sociedad.\n<br>\u201cRecuerden que hay que salir todos a votar, desde bien tempranito; pensemos lo que ese momento representa; hay que hacer valer nuestra voz, a trav\u00e9s de las urnas\u201d.\n<br>Refiri\u00f3 que el abstencionismo sigue siendo un problema a nivel nacional, por lo que es importante incentivar la participaci\u00f3n en todos aquellos que est\u00e1n desmotivados o no tienen la convicci\u00f3n de votar, \u201cpara que estas elecciones salgamos todos y sea el proceso con m\u00e1s participaci\u00f3n electoral en la historia de El Mineral\u201d.\n<br>Por su parte, reiter\u00f3 su compromiso con la sociedad fresnillenses por trabajar con una visi\u00f3n diferente, desde la \u00f3ptica social y humanista, para reconstruir el tejido social y&nbsp; generar mayor desarrollo y oportunidades para todos.\n<br>\n<br><\/p>\n\n\n\n<figure class=\"wp-block-image size-large\"><img loading=\"lazy\" decoding=\"async\" width=\"1024\" height=\"768\" src=\"http:\/\/web-zac.com\/wp-content\/uploads\/2024\/05\/img-20240505-wa01956632673494965915370-1024x768.jpg\" alt=\"\" class=\"wp-image-19153\" srcset=\"http:\/\/web-zac.com\/wp-content\/uploads\/2024\/05\/img-20240505-wa01956632673494965915370-1024x768.jpg 1024w, http:\/\/web-zac.com\/wp-content\/uploads\/2024\/05\/img-20240505-wa01956632673494965915370-300x225.jpg 300w, http:\/\/web-zac.com\/wp-content\/uploads\/2024\/05\/img-20240505-wa01956632673494965915370-768x576.jpg 768w, http:\/\/web-zac.com\/wp-content\/uploads\/2024\/05\/img-20240505-wa01956632673494965915370-1536x1152.jpg 1536w, http:\/\/web-zac.com\/wp-content\/uploads\/2024\/05\/img-20240505-wa01956632673494965915370-1200x900.jpg 1200w, http:\/\/web-zac.com\/wp-content\/uploads\/2024\/05\/img-20240505-wa01956632673494965915370.jpg 1600w\" sizes=\"auto, (max-width: 1024px) 100vw, 1024px\" \/><\/figure>\n","protected":false},"excerpt":{"rendered":"<p>Fresnillo, Zac.- La candidata a presidenta municipal de Fresnillo, Bennelly Hern\u00e1ndez Ruedas, exhort\u00f3 a la ciudadan\u00eda a participar&nbsp; en las elecciones del pr\u00f3ximo 2 de junio, siendo el ejercicio democr\u00e1tico que nos permite decidir a las autoridades que nos gobiernan. Por su visita en las comunidades de El Tigre, Milpillas de la Sierra, Redenci\u00f3n, Estaci\u00f3n [&hellip;]<\/p>\n","protected":false},"author":3,"featured_media":19153,"comment_status":"open","ping_status":"open","sticky":false,"template":"","format":"standard","meta":{"footnotes":""},"categories":[3],"tags":[],"class_list":["post-19154","post","type-post","status-publish","format-standard","has-post-thumbnail","hentry","category-webpolitica"],"jetpack_featured_media_url":"http:\/\/web-zac.com\/wp-content\/uploads\/2024\/05\/img-20240505-wa01956632673494965915370.jpg","_links":{"self":[{"href":"http:\/\/web-zac.com\/index.php?rest_route=\/wp\/v2\/posts\/19154","targetHints":{"allow":["GET"]}}],"collection":[{"href":"http:\/\/web-zac.com\/index.php?rest_route=\/wp\/v2\/posts"}],"about":[{"href":"http:\/\/web-zac.com\/index.php?rest_route=\/wp\/v2\/types\/post"}],"author":[{"embeddable":true,"href":"http:\/\/web-zac.com\/index.php?rest_route=\/wp\/v2\/users\/3"}],"replies":[{"embeddable":true,"href":"http:\/\/web-zac.com\/index.php?rest_route=%2Fwp%2Fv2%2Fcomments&post=19154"}],"version-history":[{"count":1,"href":"http:\/\/web-zac.com\/index.php?rest_route=\/wp\/v2\/posts\/19154\/revisions"}],"predecessor-version":[{"id":19155,"href":"http:\/\/web-zac.com\/index.php?rest_route=\/wp\/v2\/posts\/19154\/revisions\/19155"}],"wp:featuredmedia":[{"embeddable":true,"href":"http:\/\/web-zac.com\/index.php?rest_route=\/wp\/v2\/media\/19153"}],"wp:attachment":[{"href":"http:\/\/web-zac.com\/index.php?rest_route=%2Fwp%2Fv2%2Fmedia&parent=19154"}],"wp:term":[{"taxonomy":"category","embeddable":true,"href":"http:\/\/web-zac.com\/index.php?rest_route=%2Fwp%2Fv2%2Fcategories&post=19154"},{"taxonomy":"post_tag","embeddable":true,"href":"http:\/\/web-zac.com\/index.php?rest_route=%2Fwp%2Fv2%2Ftags&post=19154"}],"curies":[{"name":"wp","href":"https:\/\/api.w.org\/{rel}","templated":true}]}}