{"id":19148,"date":"2024-05-06T17:23:52","date_gmt":"2024-05-06T22:23:52","guid":{"rendered":"http:\/\/web-zac.com\/?p=19148"},"modified":"2024-05-06T17:24:01","modified_gmt":"2024-05-06T22:24:01","slug":"con-el-apoyo-decidido-de-las-y-los-zacatecanos-vamos-a-asegurar-el-segundo-piso-de-la-transformacion-vero-diaz","status":"publish","type":"post","link":"http:\/\/web-zac.com\/?p=19148","title":{"rendered":"Con el apoyo decidido de las y los zacatecanos, vamos a asegurar el segundo piso de la transformaci\u00f3n: Vero D\u00edaz"},"content":{"rendered":"\n<p><br><br>-La candidata al Senado de la Rep\u00fablica se reuni\u00f3 con j\u00f3venes, mujeres y productores de Gral. Enrique Estrada a quienes garantiz\u00f3 su compromiso de trabajar por el bienestar de Zacatecas y el pa\u00eds<br><br>-Con la pr\u00f3xima presidenta de M\u00e9xico, Claudia Claudia Sheinbaum, continuar\u00e1n y se fortalecer\u00e1n los apoyos al sector agropecuario, porque \u00abel campo merece bienestar,\u00bb afirm\u00f3 <br><br><br>Con el apoyo decidido de las y los zacatecanos, el pr\u00f3ximo 2 de junio vamos a salir a votar por Morena&nbsp; para asegurar el segundo piso de la transformaci\u00f3n y el bienestar de nuestro estado y el pa\u00eds, dijo Vero D\u00edaz, candidata al Senado de la Rep\u00fablica, durante su visita a General Enrique Estrada.<br><br>Este domingo la abanderada de Morena al Senado se reuni\u00f3 con j\u00f3venes, mujeres y productores del campo&nbsp; de este municipio, donde refrend\u00f3 su compromiso con Zacatecas para, de la mano de la pr\u00f3xima presidenta de M\u00e9xico, Claudia Sheinbaum, seguir trabajando por un pa\u00eds en el que el bienestar y la justicia sean la norma, no la excepci\u00f3n.<br><br>Acompa\u00f1ada por las candidatas a la presidencia municipal, Milagros de Loera, y a la diputaci\u00f3n local por el distrito 9, Fernanda Miranda, Vero D\u00edaz destac\u00f3 que en General Enrique Estrada se har\u00e1 historia el pr\u00f3ximo 2 de junio con el triunfo de las mujeres candidatas de la Coalici\u00f3n Sigamos Haciendo Historia a los gobiernos municipal y de la Rep\u00fablica. <br><br>Asimismo, en su encuentro con productores agropecuarios, Vero D\u00edaz resalt\u00f3 la vocaci\u00f3n agr\u00edcola y ganadera del municipio, por lo que los apoyos al sector que se han implementado en la Cuarta Transformaci\u00f3n continuar\u00e1n con la pr\u00f3xima presidenta de M\u00e9xico y se fortalecer\u00e1n desde el Congreso federal porque \u00abel campo merece bienestar\u00bb. <br><br>Adem\u00e1s, \nla candidata al Senado de la Rep\u00fablica, impulsar\u00e1 las reformas que har\u00e1n posible garantizar el bienestar para los zacatecanos y todos los mexicanos.<br><br>En ese sentido, buscar\u00e1 que se constituyan como un derecho la pensi\u00f3n para las mujeres a partir de los 60 a\u00f1os, las becas para estudiantes de preescolar, primaria y secundaria,&nbsp; adem\u00e1s de impulsar el doble de becas para j\u00f3venes universitarios. <br>\n\n<br>Mencion\u00f3 tambi\u00e9n la importancia de participar activamente en el proceso electoral, ante lo cual hizo un llamado a votar por Morena&nbsp; para asegurar la continuaci\u00f3n de las reformas y programas que han comenzado a cambiar el rostro del pa\u00eds, \u00abdebemos salir a votar y asegurar el segundo piso de la Cuarta Transformaci\u00f3n; hay que votar todo Morena\u00bb.<\/p>\n\n\n\n<figure class=\"wp-block-image size-large\"><img loading=\"lazy\" decoding=\"async\" width=\"1024\" height=\"682\" src=\"http:\/\/web-zac.com\/wp-content\/uploads\/2024\/05\/img-20240505-wa01661116402447029411453-1024x682.jpg\" alt=\"\" class=\"wp-image-19147\" srcset=\"http:\/\/web-zac.com\/wp-content\/uploads\/2024\/05\/img-20240505-wa01661116402447029411453-1024x682.jpg 1024w, http:\/\/web-zac.com\/wp-content\/uploads\/2024\/05\/img-20240505-wa01661116402447029411453-300x200.jpg 300w, http:\/\/web-zac.com\/wp-content\/uploads\/2024\/05\/img-20240505-wa01661116402447029411453-768x512.jpg 768w, http:\/\/web-zac.com\/wp-content\/uploads\/2024\/05\/img-20240505-wa01661116402447029411453-1200x800.jpg 1200w, http:\/\/web-zac.com\/wp-content\/uploads\/2024\/05\/img-20240505-wa01661116402447029411453.jpg 1280w\" sizes=\"auto, (max-width: 1024px) 100vw, 1024px\" \/><\/figure>\n","protected":false},"excerpt":{"rendered":"<p>-La candidata al Senado de la Rep\u00fablica se reuni\u00f3 con j\u00f3venes, mujeres y productores de Gral. Enrique Estrada a quienes garantiz\u00f3 su compromiso de trabajar por el bienestar de Zacatecas y el pa\u00eds -Con la pr\u00f3xima presidenta de M\u00e9xico, Claudia Claudia Sheinbaum, continuar\u00e1n y se fortalecer\u00e1n los apoyos al sector agropecuario, porque \u00abel campo merece [&hellip;]<\/p>\n","protected":false},"author":3,"featured_media":19147,"comment_status":"open","ping_status":"open","sticky":false,"template":"","format":"standard","meta":{"footnotes":""},"categories":[3],"tags":[],"class_list":["post-19148","post","type-post","status-publish","format-standard","has-post-thumbnail","hentry","category-webpolitica"],"jetpack_featured_media_url":"http:\/\/web-zac.com\/wp-content\/uploads\/2024\/05\/img-20240505-wa01661116402447029411453.jpg","_links":{"self":[{"href":"http:\/\/web-zac.com\/index.php?rest_route=\/wp\/v2\/posts\/19148","targetHints":{"allow":["GET"]}}],"collection":[{"href":"http:\/\/web-zac.com\/index.php?rest_route=\/wp\/v2\/posts"}],"about":[{"href":"http:\/\/web-zac.com\/index.php?rest_route=\/wp\/v2\/types\/post"}],"author":[{"embeddable":true,"href":"http:\/\/web-zac.com\/index.php?rest_route=\/wp\/v2\/users\/3"}],"replies":[{"embeddable":true,"href":"http:\/\/web-zac.com\/index.php?rest_route=%2Fwp%2Fv2%2Fcomments&post=19148"}],"version-history":[{"count":1,"href":"http:\/\/web-zac.com\/index.php?rest_route=\/wp\/v2\/posts\/19148\/revisions"}],"predecessor-version":[{"id":19149,"href":"http:\/\/web-zac.com\/index.php?rest_route=\/wp\/v2\/posts\/19148\/revisions\/19149"}],"wp:featuredmedia":[{"embeddable":true,"href":"http:\/\/web-zac.com\/index.php?rest_route=\/wp\/v2\/media\/19147"}],"wp:attachment":[{"href":"http:\/\/web-zac.com\/index.php?rest_route=%2Fwp%2Fv2%2Fmedia&parent=19148"}],"wp:term":[{"taxonomy":"category","embeddable":true,"href":"http:\/\/web-zac.com\/index.php?rest_route=%2Fwp%2Fv2%2Fcategories&post=19148"},{"taxonomy":"post_tag","embeddable":true,"href":"http:\/\/web-zac.com\/index.php?rest_route=%2Fwp%2Fv2%2Ftags&post=19148"}],"curies":[{"name":"wp","href":"https:\/\/api.w.org\/{rel}","templated":true}]}}