{"id":19145,"date":"2024-05-06T17:15:56","date_gmt":"2024-05-06T22:15:56","guid":{"rendered":"http:\/\/web-zac.com\/?p=19145"},"modified":"2024-05-06T17:16:08","modified_gmt":"2024-05-06T22:16:08","slug":"exhortan-a-trabajadores-a-realizar-su-declaracion-patrimonial","status":"publish","type":"post","link":"http:\/\/web-zac.com\/?p=19145","title":{"rendered":"EXHORTAN A TRABAJADORES A REALIZAR SU DECLARACI\u00d3N PATRIMONIAL"},"content":{"rendered":"\n<p>\n<br>\n<br>\u2022\tDe no cumplir con la declaraci\u00f3n patrimonial se puede inhabilitar a la persona para ejercer cargos p\u00fablicos o hasta p\u00e9rdida del empleo\n<br>\n<br>Fresnillo, Zac.- La Presidenta Municipal, Rita Roc\u00edo Qui\u00f1ones de Luna junto al titular del \u00d3rgano Interno de Control, Arturo Torres, inform\u00f3 que como cada a\u00f1o se espera que las m\u00e1s de mil 500 personas que laboran en el Ayuntamiento de Fresnillo y el Sistema de Agua Potable, Alcantarillado y Saneamiento de Fresnillo (SIAPASF), realicen su declaraci\u00f3n de Modificaci\u00f3n Patrimonial y de Intereses.\n<br>Qui\u00f1ones de Luna indic\u00f3 que en mayo se debe cumplir con dicha declaraci\u00f3n y la fecha l\u00edmite es el d\u00eda 31; sin embargo, se espera que para el d\u00eda 15 de mayo se tenga mas del 90 por ciento de cumplimiento o ya en su totalidad.\n<br>Consider\u00f3 que al ser una obligaci\u00f3n anual los trabajadores siempre han sido responsables e incluso Fresnillo ha sido uno de los municipios que termina este deber antes que cualquier otro, por ello, en este a\u00f1o se tiene la misma expectativa. \n<br>Rita Qui\u00f1ones exhort\u00f3 a los funcionarios a qu\u00e9 cumplan a tiempo y forma con esta obligaci\u00f3n, pues de no cumplir esto puede derivar en inhabilitaci\u00f3n para ejercer cargos p\u00fablicos o hasta la p\u00e9rdida del empleo, de acuerdo a la ley general de responsabilidades administrativas.\n<br><\/p>\n\n\n\n<figure class=\"wp-block-image size-large\"><img loading=\"lazy\" decoding=\"async\" width=\"1024\" height=\"461\" src=\"http:\/\/web-zac.com\/wp-content\/uploads\/2024\/05\/screenshot_20240506_161528_whatsapp7795918804341703048-1024x461.jpg\" alt=\"\" class=\"wp-image-19144\" srcset=\"http:\/\/web-zac.com\/wp-content\/uploads\/2024\/05\/screenshot_20240506_161528_whatsapp7795918804341703048-1024x461.jpg 1024w, http:\/\/web-zac.com\/wp-content\/uploads\/2024\/05\/screenshot_20240506_161528_whatsapp7795918804341703048-300x135.jpg 300w, http:\/\/web-zac.com\/wp-content\/uploads\/2024\/05\/screenshot_20240506_161528_whatsapp7795918804341703048-768x346.jpg 768w, http:\/\/web-zac.com\/wp-content\/uploads\/2024\/05\/screenshot_20240506_161528_whatsapp7795918804341703048-1536x691.jpg 1536w, http:\/\/web-zac.com\/wp-content\/uploads\/2024\/05\/screenshot_20240506_161528_whatsapp7795918804341703048-1200x540.jpg 1200w, http:\/\/web-zac.com\/wp-content\/uploads\/2024\/05\/screenshot_20240506_161528_whatsapp7795918804341703048.jpg 2000w\" sizes=\"auto, (max-width: 1024px) 100vw, 1024px\" \/><\/figure>\n","protected":false},"excerpt":{"rendered":"<p>\u2022 De no cumplir con la declaraci\u00f3n patrimonial se puede inhabilitar a la persona para ejercer cargos p\u00fablicos o hasta p\u00e9rdida del empleo Fresnillo, Zac.- La Presidenta Municipal, Rita Roc\u00edo Qui\u00f1ones de Luna junto al titular del \u00d3rgano Interno de Control, Arturo Torres, inform\u00f3 que como cada a\u00f1o se espera que las m\u00e1s de mil [&hellip;]<\/p>\n","protected":false},"author":3,"featured_media":19144,"comment_status":"open","ping_status":"open","sticky":false,"template":"","format":"standard","meta":{"footnotes":""},"categories":[19,6],"tags":[],"class_list":["post-19145","post","type-post","status-publish","format-standard","has-post-thumbnail","hentry","category-fresnillo","category-webmunicipios"],"jetpack_featured_media_url":"http:\/\/web-zac.com\/wp-content\/uploads\/2024\/05\/screenshot_20240506_161528_whatsapp7795918804341703048.jpg","_links":{"self":[{"href":"http:\/\/web-zac.com\/index.php?rest_route=\/wp\/v2\/posts\/19145","targetHints":{"allow":["GET"]}}],"collection":[{"href":"http:\/\/web-zac.com\/index.php?rest_route=\/wp\/v2\/posts"}],"about":[{"href":"http:\/\/web-zac.com\/index.php?rest_route=\/wp\/v2\/types\/post"}],"author":[{"embeddable":true,"href":"http:\/\/web-zac.com\/index.php?rest_route=\/wp\/v2\/users\/3"}],"replies":[{"embeddable":true,"href":"http:\/\/web-zac.com\/index.php?rest_route=%2Fwp%2Fv2%2Fcomments&post=19145"}],"version-history":[{"count":1,"href":"http:\/\/web-zac.com\/index.php?rest_route=\/wp\/v2\/posts\/19145\/revisions"}],"predecessor-version":[{"id":19146,"href":"http:\/\/web-zac.com\/index.php?rest_route=\/wp\/v2\/posts\/19145\/revisions\/19146"}],"wp:featuredmedia":[{"embeddable":true,"href":"http:\/\/web-zac.com\/index.php?rest_route=\/wp\/v2\/media\/19144"}],"wp:attachment":[{"href":"http:\/\/web-zac.com\/index.php?rest_route=%2Fwp%2Fv2%2Fmedia&parent=19145"}],"wp:term":[{"taxonomy":"category","embeddable":true,"href":"http:\/\/web-zac.com\/index.php?rest_route=%2Fwp%2Fv2%2Fcategories&post=19145"},{"taxonomy":"post_tag","embeddable":true,"href":"http:\/\/web-zac.com\/index.php?rest_route=%2Fwp%2Fv2%2Ftags&post=19145"}],"curies":[{"name":"wp","href":"https:\/\/api.w.org\/{rel}","templated":true}]}}