{"id":19116,"date":"2024-05-02T08:04:01","date_gmt":"2024-05-02T13:04:01","guid":{"rendered":"http:\/\/web-zac.com\/?p=19116"},"modified":"2024-05-02T08:04:13","modified_gmt":"2024-05-02T13:04:13","slug":"celebra-gobierno-de-zacatecas-a-ninas-y-ninos-de-casa-cuna-en-su-dia","status":"publish","type":"post","link":"http:\/\/web-zac.com\/?p=19116","title":{"rendered":"Celebra Gobierno de Zacatecas a ni\u00f1as y ni\u00f1os de Casa Cuna en su d\u00eda"},"content":{"rendered":"\n<p><br><br><br>\u25aa\ufe0fCon juegos inflables, pastel, comida y mucha diversi\u00f3n, las y los peque\u00f1os de la Casa Cuna \u201cPl\u00e1cido Domingo\u201d celebraron el D\u00eda de la Ni\u00f1a y del Ni\u00f1o en un ambiente lleno de fiesta y diversi\u00f3n<br><br>Zacatecas, Zac., 1 de mayo de 2024.- En el marco de los festejos del D\u00eda de la Ni\u00f1a y el Ni\u00f1o, el Gobierno de Zacatecas celebr\u00f3&nbsp; a los infantes que alberga la Casa Cuna \u201cPl\u00e1cido Domingo\u201d, con juegos inflables, pastel, comida y mucha diversi\u00f3n. <br><br>En este festejo, estuvieron presentes el Gobernador de Zacatecas y su esposa, la Presidenta Honor\u00edfica del Sistema Estatal para el Desarrollo Integral de la Familia (SEDIF), quienes expresaron sus mejores deseos a las y los infantes. \u201cEs importante brindarles&nbsp; alegr\u00eda, mi deseo es que la felicidad sea eterna para ellos; su gran coraz\u00f3n, su ser, la bondad y su capacidad de amor les hace siempre salir adelante\u201d, dijo el mandatario.<br> <br>Por su parte, la Presidenta Honor\u00edfica del Sistema Estatal DIF resalt\u00f3 la importancia de celebrar este d\u00eda&nbsp; porque si se impulsan en los ni\u00f1os luchar por sus sue\u00f1os y la conciencia social, se puede tener una buena sociedad. <br><br>En esta fiesta tambi\u00e9n se dieron cita hijas e hijos de trabajadores de la Casa Cuna \u201cPl\u00e1cido Domingo\u201d, quienes han formado una amistad con las y los alberga dos. \u201cMientras podamos pensar y so\u00f1ar como los ni\u00f1os, tendremos mucha esperanza, queremos que Zacatecas luzca como coraz\u00f3n de ni\u00f1o\u201d, agreg\u00f3. <br><br>\u2014ooOoo\u2014<\/p>\n\n\n\n<figure class=\"wp-block-image size-large\"><img loading=\"lazy\" decoding=\"async\" width=\"1024\" height=\"882\" src=\"http:\/\/web-zac.com\/wp-content\/uploads\/2024\/05\/img-20240501-wa0114736448326051095433-1024x882.jpg\" alt=\"\" class=\"wp-image-19115\" srcset=\"http:\/\/web-zac.com\/wp-content\/uploads\/2024\/05\/img-20240501-wa0114736448326051095433-1024x882.jpg 1024w, http:\/\/web-zac.com\/wp-content\/uploads\/2024\/05\/img-20240501-wa0114736448326051095433-300x258.jpg 300w, http:\/\/web-zac.com\/wp-content\/uploads\/2024\/05\/img-20240501-wa0114736448326051095433-768x661.jpg 768w, http:\/\/web-zac.com\/wp-content\/uploads\/2024\/05\/img-20240501-wa0114736448326051095433-1536x1323.jpg 1536w, http:\/\/web-zac.com\/wp-content\/uploads\/2024\/05\/img-20240501-wa0114736448326051095433-1200x1034.jpg 1200w, http:\/\/web-zac.com\/wp-content\/uploads\/2024\/05\/img-20240501-wa0114736448326051095433.jpg 1600w\" sizes=\"auto, (max-width: 1024px) 100vw, 1024px\" \/><\/figure>\n","protected":false},"excerpt":{"rendered":"<p>\u25aa\ufe0fCon juegos inflables, pastel, comida y mucha diversi\u00f3n, las y los peque\u00f1os de la Casa Cuna \u201cPl\u00e1cido Domingo\u201d celebraron el D\u00eda de la Ni\u00f1a y del Ni\u00f1o en un ambiente lleno de fiesta y diversi\u00f3n Zacatecas, Zac., 1 de mayo de 2024.- En el marco de los festejos del D\u00eda de la Ni\u00f1a y el [&hellip;]<\/p>\n","protected":false},"author":3,"featured_media":19115,"comment_status":"open","ping_status":"open","sticky":false,"template":"","format":"standard","meta":{"footnotes":""},"categories":[4,22],"tags":[],"class_list":["post-19116","post","type-post","status-publish","format-standard","has-post-thumbnail","hentry","category-webgobierno","category-gobierno"],"jetpack_featured_media_url":"http:\/\/web-zac.com\/wp-content\/uploads\/2024\/05\/img-20240501-wa0114736448326051095433.jpg","_links":{"self":[{"href":"http:\/\/web-zac.com\/index.php?rest_route=\/wp\/v2\/posts\/19116","targetHints":{"allow":["GET"]}}],"collection":[{"href":"http:\/\/web-zac.com\/index.php?rest_route=\/wp\/v2\/posts"}],"about":[{"href":"http:\/\/web-zac.com\/index.php?rest_route=\/wp\/v2\/types\/post"}],"author":[{"embeddable":true,"href":"http:\/\/web-zac.com\/index.php?rest_route=\/wp\/v2\/users\/3"}],"replies":[{"embeddable":true,"href":"http:\/\/web-zac.com\/index.php?rest_route=%2Fwp%2Fv2%2Fcomments&post=19116"}],"version-history":[{"count":1,"href":"http:\/\/web-zac.com\/index.php?rest_route=\/wp\/v2\/posts\/19116\/revisions"}],"predecessor-version":[{"id":19117,"href":"http:\/\/web-zac.com\/index.php?rest_route=\/wp\/v2\/posts\/19116\/revisions\/19117"}],"wp:featuredmedia":[{"embeddable":true,"href":"http:\/\/web-zac.com\/index.php?rest_route=\/wp\/v2\/media\/19115"}],"wp:attachment":[{"href":"http:\/\/web-zac.com\/index.php?rest_route=%2Fwp%2Fv2%2Fmedia&parent=19116"}],"wp:term":[{"taxonomy":"category","embeddable":true,"href":"http:\/\/web-zac.com\/index.php?rest_route=%2Fwp%2Fv2%2Fcategories&post=19116"},{"taxonomy":"post_tag","embeddable":true,"href":"http:\/\/web-zac.com\/index.php?rest_route=%2Fwp%2Fv2%2Ftags&post=19116"}],"curies":[{"name":"wp","href":"https:\/\/api.w.org\/{rel}","templated":true}]}}