{"id":19113,"date":"2024-05-01T18:37:53","date_gmt":"2024-05-01T23:37:53","guid":{"rendered":"http:\/\/web-zac.com\/?p=19113"},"modified":"2024-05-01T18:38:12","modified_gmt":"2024-05-01T23:38:12","slug":"reafirma-sma-respaldo-a-lostrabajadoradores-de-mexico","status":"publish","type":"post","link":"http:\/\/web-zac.com\/?p=19113","title":{"rendered":"REAFIRMA SMA RESPALDO A LOS\n<br>TRABAJADORADORES DE M\u00c9XICO"},"content":{"rendered":"\n<p>\n<br>\n<br>* Desde el Senado de la Rep\u00fablica\n<br>apoyaremos las iniciativas en favor\n<br>de un mejor salario y el respeto a \n<br>conquistas laborales que por a\u00f1os se\n<br>les hab\u00eda negado: Sa\u00fal Monreal \u00c1vila\n<br>\n<br>El candidato al Senado de la Rep\u00fablica de la coalici\u00f3n \u201cSigamos Haciendo Historia\u201d por Zacatecas, Sa\u00fal Monreal \u00c1vila reafirm\u00f3 su compromiso de respaldar desde la C\u00e1mara Alta a los trabajadores de M\u00e9xico, a los trabajadores de Zacatecas, hombres y mujeres, para que su salario siga mejorando, para que sus conquistas laborales sean respetadas, tal y como lo ha venido impulsando el presidente Andr\u00e9s Manuel L\u00f3pez Obrador y que, la propia doctora Claudia Sheinbaum Pardo tambi\u00e9n los ha manifestado en uno de los 100 puntos de su Proyecto de Naci\u00f3n.\n<br>\n<br>En el d\u00eda emblem\u00e1tico del D\u00eda del Trabajo en el mundo, -en conferencia de prensa-, en el municipio de Fresnillo, Monreal \u00c1vila hizo el compromiso que, desde el Senado de la Rep\u00fablica, apoyar\u00e1 cada iniciativa en favor de los trabajadores de M\u00e9xico, porque es una asignatura pendiente con quienes todos los d\u00edas salen por el sustento de sus familias. \u201cEl apoyo m\u00edo como senador lo tendr\u00e1n siempre los hombres y mujeres que se lo han ganado, porque han sido muchos a\u00f1os de lucha para que sus condiciones mejoren\u201d.\n<br>\n<br>Record\u00f3 el candidato al Senado de la Rep\u00fablica, que parte de la construcci\u00f3n del segundo piso de la Cuarta Transformaci\u00f3n, est\u00e1 precisamente, el que haya justicia laboral para con los trabajadores de M\u00e9xico, para que, en las 32 entidades del pa\u00eds, conforme en lo que est\u00e1 establecido en la Ley Federal del Trabajo, de acuerdo a las zonas, el salario de los trabajadores se siga fortaleciendo. \u201cSeremos sigilosos vigilantes de que esto se cumpla, la aportaci\u00f3n que hacen ellos y ellas es fundamental para la estabilidad del pa\u00eds, para el crecimiento de M\u00e9xico\u201d, comprometi\u00f3 Sa\u00fal Monreal.\n<br>\n<br>33 A\u00d1OS DE ATRASO SALARIAL\n<br>\u201cDespu\u00e9s de 33 a\u00f1os de gobiernos neoliberales, en donde el salario de los trabajadores de M\u00e9xico, se mov\u00eda apenas un 3% o 4%, cuando mucho, con el gobierno del presidente L\u00f3pez Obrador, dependiendo de la zona en el pa\u00eds, el salario m\u00ednimo se ha incrementado en m\u00e1s de un 100% y en el caso de los estados fronterizos por encima del 200%. \u201cDe este tama\u00f1o ha sido el crecimiento salarial para la clase trabajadora en tiempos de la Cuarta Transformaci\u00f3n\u201d.\n<br>No tenemos duda, de que con la doctora Claudia Sheinbaum Pardo como presidenta de M\u00e9xico y la primera mujer en llegar a la Primera Magistratura del pa\u00eds, las cosas ir\u00e1n cambiando favorablemente para los trabajadores de este pa\u00eds. \u201cEl presidente ya puso los primeros ladrillos en la asignatura pendiente que hab\u00eda con los trabajadores, incrementando el salario de millones de mexicanos con el apoyo de los propios empresarios\u201d.\n<br>\n<br>Justo es reconocer, -expres\u00f3 el candidato-, que estos incrementos salariales fueron posibles gracias a que los empresarios de M\u00e9xico, estuvieron de acuerdo con dichos aumentos durante todo el gobierno del presidente de M\u00e9xico, Andr\u00e9s Manuel L\u00f3pez Obrador. \u201cLos empresarios, peque\u00f1os, medianos y grandes, reconocieron la importancia del incremento, porque, al final del d\u00eda, la productividad aumentar\u00eda y con ello, las ganancias para todos, desde luego, para algunos result\u00f3 complicado, pero al final aceptaron la iniciativa del presidente\u201d.\n<br>\n<br>Incluso, el candidato al Senado Sa\u00fal Monreal \u00c1vila, record\u00f3 que en la LXV C\u00e1mara de Diputados Federal, que acaba de terminar su periodo de sesiones, fue un factor importante, para que todos los grupos parlamentarios se pusieran de acuerdo y reconocieran que, incrementar el salario de los trabajadores, no s\u00f3lo era un acto de justicia, sino una asignatura pendiente que por a\u00f1os se les neg\u00f3, en especial, en el per\u00edodo neoliberal. \u201cHoy las cosas son distintas, hubo un avance importante\u201d.\n<br>\n<br>ACOMPA\u00d1A SA\u00daL A BENNELLY\n<br>En suma, durante la tradicional conferencia itinerante de mitad de semana que hace Sa\u00fal Monreal \u00c1vila por municipios del estado, acompa\u00f1\u00f3 en sus actividades a la candidata a la presidencia Municipal de Fresnillo de \u201cSigamos Haciendo Historia\u201d, Bennelly Hern\u00e1ndez Ruedas, quien se sum\u00f3 a los compromisos que hizo el candidato al Senado de la Rep\u00fablica.\n<br>\n<br><\/p>\n\n\n\n<figure class=\"wp-block-image size-large\"><img loading=\"lazy\" decoding=\"async\" width=\"1024\" height=\"682\" src=\"http:\/\/web-zac.com\/wp-content\/uploads\/2024\/05\/img-20240501-wa00223383604466924096232-1024x682.jpg\" alt=\"\" class=\"wp-image-19112\" srcset=\"http:\/\/web-zac.com\/wp-content\/uploads\/2024\/05\/img-20240501-wa00223383604466924096232-1024x682.jpg 1024w, http:\/\/web-zac.com\/wp-content\/uploads\/2024\/05\/img-20240501-wa00223383604466924096232-300x200.jpg 300w, http:\/\/web-zac.com\/wp-content\/uploads\/2024\/05\/img-20240501-wa00223383604466924096232-768x512.jpg 768w, http:\/\/web-zac.com\/wp-content\/uploads\/2024\/05\/img-20240501-wa00223383604466924096232-1536x1023.jpg 1536w, http:\/\/web-zac.com\/wp-content\/uploads\/2024\/05\/img-20240501-wa00223383604466924096232-1200x800.jpg 1200w, http:\/\/web-zac.com\/wp-content\/uploads\/2024\/05\/img-20240501-wa00223383604466924096232.jpg 1600w\" sizes=\"auto, (max-width: 1024px) 100vw, 1024px\" \/><\/figure>\n","protected":false},"excerpt":{"rendered":"<p>* Desde el Senado de la Rep\u00fablica apoyaremos las iniciativas en favor de un mejor salario y el respeto a conquistas laborales que por a\u00f1os se les hab\u00eda negado: Sa\u00fal Monreal \u00c1vila El candidato al Senado de la Rep\u00fablica de la coalici\u00f3n \u201cSigamos Haciendo Historia\u201d por Zacatecas, Sa\u00fal Monreal \u00c1vila reafirm\u00f3 su compromiso de respaldar [&hellip;]<\/p>\n","protected":false},"author":3,"featured_media":19112,"comment_status":"open","ping_status":"open","sticky":false,"template":"","format":"standard","meta":{"footnotes":""},"categories":[3],"tags":[],"class_list":["post-19113","post","type-post","status-publish","format-standard","has-post-thumbnail","hentry","category-webpolitica"],"jetpack_featured_media_url":"http:\/\/web-zac.com\/wp-content\/uploads\/2024\/05\/img-20240501-wa00223383604466924096232.jpg","_links":{"self":[{"href":"http:\/\/web-zac.com\/index.php?rest_route=\/wp\/v2\/posts\/19113","targetHints":{"allow":["GET"]}}],"collection":[{"href":"http:\/\/web-zac.com\/index.php?rest_route=\/wp\/v2\/posts"}],"about":[{"href":"http:\/\/web-zac.com\/index.php?rest_route=\/wp\/v2\/types\/post"}],"author":[{"embeddable":true,"href":"http:\/\/web-zac.com\/index.php?rest_route=\/wp\/v2\/users\/3"}],"replies":[{"embeddable":true,"href":"http:\/\/web-zac.com\/index.php?rest_route=%2Fwp%2Fv2%2Fcomments&post=19113"}],"version-history":[{"count":1,"href":"http:\/\/web-zac.com\/index.php?rest_route=\/wp\/v2\/posts\/19113\/revisions"}],"predecessor-version":[{"id":19114,"href":"http:\/\/web-zac.com\/index.php?rest_route=\/wp\/v2\/posts\/19113\/revisions\/19114"}],"wp:featuredmedia":[{"embeddable":true,"href":"http:\/\/web-zac.com\/index.php?rest_route=\/wp\/v2\/media\/19112"}],"wp:attachment":[{"href":"http:\/\/web-zac.com\/index.php?rest_route=%2Fwp%2Fv2%2Fmedia&parent=19113"}],"wp:term":[{"taxonomy":"category","embeddable":true,"href":"http:\/\/web-zac.com\/index.php?rest_route=%2Fwp%2Fv2%2Fcategories&post=19113"},{"taxonomy":"post_tag","embeddable":true,"href":"http:\/\/web-zac.com\/index.php?rest_route=%2Fwp%2Fv2%2Ftags&post=19113"}],"curies":[{"name":"wp","href":"https:\/\/api.w.org\/{rel}","templated":true}]}}