{"id":19107,"date":"2024-05-01T18:27:05","date_gmt":"2024-05-01T23:27:05","guid":{"rendered":"http:\/\/web-zac.com\/?p=19107"},"modified":"2024-05-01T18:27:21","modified_gmt":"2024-05-01T23:27:21","slug":"se-fortalecen-las-acciones-y-el-canal-de-comunicacion-entre-el-gobierno-del-estado-y-familiares-de-personas-desaparecidas-y-no-localizadas","status":"publish","type":"post","link":"http:\/\/web-zac.com\/?p=19107","title":{"rendered":"Se fortalecen las acciones y el canal de comunicaci\u00f3n entre el Gobierno del Estado y familiares de personas desaparecidas y no localizadas"},"content":{"rendered":"\n<p><br><br>\u25aa\ufe0fEl mandatario David Monreal se reuni\u00f3 en Fresnillo con madres, padres y hermanos de personas desaparecidas y no localizadas<br>\u25aa\ufe0fLa Mesa de Construcci\u00f3n de Paz detall\u00f3 acciones operativas y de inteligencia que se realizan de manera permanente&nbsp;&nbsp; <br>\u25aa\ufe0fLo que les puedo ofrecer es mi compromiso y la honra de que\u00a0vamos a acompa\u00f1arlos; me solidarizo con su dolor porque la ausencia que hoy sufren de un ser querido nos lastima como familia, como sociedad y gobierno, por ello, tengan confianza en nosotros, les dijo el Gobernador <br><br>Fresnillo, Zac., 1 de mayo de 2024.- El Gobernador se reuni\u00f3 en Fresnillo con familiares de personas desaparecidas y no localizadas para reforzar las acciones coordinadas que permitan encontrar a sus seres queridos, bajo el compromiso de que no se les va a dejar a la deriva, sino, por el contrario, se fortalecer\u00e1n los despliegues y operativos entre el Gobierno del Estado, la Secretar\u00eda de la Defensa Nacional (Sedena), la Guardia Nacional (GN) y las Fiscal\u00edas de Justicia del Estado y de la Federaci\u00f3n.<br><br>Luego de escuchar a madres, padres y hermanos de personas no localizadas, el mandatario, acompa\u00f1ado de la Mesa Estatal de Construcci\u00f3n de Paz y Seguridad, les dijo que se ha reforzado el canal de comunicaci\u00f3n directa con las y los familiares. \u00abLo que les puedo ofrecer es mi compromiso y la honra de que\u00a0vamos a acompa\u00f1arlos; me solidarizo con su dolor porque la ausencia de un ser querido que hoy sufren nos lastima como familia, como sociedad y gobierno, por ello, tengan confianza en nosotros\u201d, expres\u00f3.<br><br>En ese sentido, los titulares de la Sedena, la GN, la Secretar\u00eda de Seguridad P\u00fablica y la Secretar\u00eda General de Gobierno, a trav\u00e9s de la Comisi\u00f3n Estatal de B\u00fasqueda de Personas, as\u00ed como de la Fiscal\u00eda General de Justicia del Estado, informaron a las familias las acciones operativas y de inteligencia que se realizan de manera permanente en la b\u00fasqueda de personas. <br><br>Se&nbsp; ha fortalecido el acercamiento y la comunicaci\u00f3n directa entre los familiares y los titulares de las instituciones que conforman la Mesa Estatal de Construcci\u00f3n de Paz y Seguridad.<br><br>De igual manera, a petici\u00f3n de las familias, el Gobernador pidi\u00f3 que quienes lo deseen, con los debidos protocolos y cuidados, puedan ser integrados en los operativos de b\u00fasqueda.<br><br>Asimismo, inform\u00f3 que estar\u00e1 en Fresnillo cada 15 d\u00edas para dar seguimiento no s\u00f3lo al tema de las desapariciones, sino tambi\u00e9n para informar los avances que se han alcanzado en Zacatecas en materia de pacificaci\u00f3n.<br><br>Inform\u00f3, tambi\u00e9n, que luego de que este estado ocupara el primero o los primeros lugares en homicidios, tras su llegada al Gobierno, en 2021, la incidencia no s\u00f3lo se contuvo, sino que ha ido a la baja, y hoy Zacatecas ocupa el sitio n\u00famero 20, por debajo de la media nacional en menos delitos.<br><br>\u2014ooOoo\u2014<\/p>\n\n\n\n<figure class=\"wp-block-image size-large\"><img loading=\"lazy\" decoding=\"async\" width=\"1024\" height=\"682\" src=\"http:\/\/web-zac.com\/wp-content\/uploads\/2024\/05\/img-20240501-wa00877803611362386221231-1024x682.jpg\" alt=\"\" class=\"wp-image-19106\" srcset=\"http:\/\/web-zac.com\/wp-content\/uploads\/2024\/05\/img-20240501-wa00877803611362386221231-1024x682.jpg 1024w, http:\/\/web-zac.com\/wp-content\/uploads\/2024\/05\/img-20240501-wa00877803611362386221231-300x200.jpg 300w, http:\/\/web-zac.com\/wp-content\/uploads\/2024\/05\/img-20240501-wa00877803611362386221231-768x512.jpg 768w, http:\/\/web-zac.com\/wp-content\/uploads\/2024\/05\/img-20240501-wa00877803611362386221231-1200x800.jpg 1200w, http:\/\/web-zac.com\/wp-content\/uploads\/2024\/05\/img-20240501-wa00877803611362386221231.jpg 1280w\" sizes=\"auto, (max-width: 1024px) 100vw, 1024px\" \/><\/figure>\n","protected":false},"excerpt":{"rendered":"<p>\u25aa\ufe0fEl mandatario David Monreal se reuni\u00f3 en Fresnillo con madres, padres y hermanos de personas desaparecidas y no localizadas\u25aa\ufe0fLa Mesa de Construcci\u00f3n de Paz detall\u00f3 acciones operativas y de inteligencia que se realizan de manera permanente&nbsp;&nbsp; \u25aa\ufe0fLo que les puedo ofrecer es mi compromiso y la honra de que\u00a0vamos a acompa\u00f1arlos; me solidarizo con su [&hellip;]<\/p>\n","protected":false},"author":3,"featured_media":19106,"comment_status":"open","ping_status":"open","sticky":false,"template":"","format":"standard","meta":{"footnotes":""},"categories":[4,22],"tags":[],"class_list":["post-19107","post","type-post","status-publish","format-standard","has-post-thumbnail","hentry","category-webgobierno","category-gobierno"],"jetpack_featured_media_url":"http:\/\/web-zac.com\/wp-content\/uploads\/2024\/05\/img-20240501-wa00877803611362386221231.jpg","_links":{"self":[{"href":"http:\/\/web-zac.com\/index.php?rest_route=\/wp\/v2\/posts\/19107","targetHints":{"allow":["GET"]}}],"collection":[{"href":"http:\/\/web-zac.com\/index.php?rest_route=\/wp\/v2\/posts"}],"about":[{"href":"http:\/\/web-zac.com\/index.php?rest_route=\/wp\/v2\/types\/post"}],"author":[{"embeddable":true,"href":"http:\/\/web-zac.com\/index.php?rest_route=\/wp\/v2\/users\/3"}],"replies":[{"embeddable":true,"href":"http:\/\/web-zac.com\/index.php?rest_route=%2Fwp%2Fv2%2Fcomments&post=19107"}],"version-history":[{"count":1,"href":"http:\/\/web-zac.com\/index.php?rest_route=\/wp\/v2\/posts\/19107\/revisions"}],"predecessor-version":[{"id":19108,"href":"http:\/\/web-zac.com\/index.php?rest_route=\/wp\/v2\/posts\/19107\/revisions\/19108"}],"wp:featuredmedia":[{"embeddable":true,"href":"http:\/\/web-zac.com\/index.php?rest_route=\/wp\/v2\/media\/19106"}],"wp:attachment":[{"href":"http:\/\/web-zac.com\/index.php?rest_route=%2Fwp%2Fv2%2Fmedia&parent=19107"}],"wp:term":[{"taxonomy":"category","embeddable":true,"href":"http:\/\/web-zac.com\/index.php?rest_route=%2Fwp%2Fv2%2Fcategories&post=19107"},{"taxonomy":"post_tag","embeddable":true,"href":"http:\/\/web-zac.com\/index.php?rest_route=%2Fwp%2Fv2%2Ftags&post=19107"}],"curies":[{"name":"wp","href":"https:\/\/api.w.org\/{rel}","templated":true}]}}