{"id":19104,"date":"2024-04-30T20:33:23","date_gmt":"2024-05-01T01:33:23","guid":{"rendered":"http:\/\/web-zac.com\/?p=19104"},"modified":"2024-04-30T20:33:31","modified_gmt":"2024-05-01T01:33:31","slug":"saul-monreal-en-villa-de-cos-asume-el-compromiso-con-propietarios-de-pozo-de-riego","status":"publish","type":"post","link":"http:\/\/web-zac.com\/?p=19104","title":{"rendered":"SA\u00daL MONREAL, EN VILLA DE COS,&nbsp; ASUME EL COMPROMISO \n<br>CON PROPIETARIOS DE POZO DE RIEGO"},"content":{"rendered":"\n<p>\n<br>\n<br>* A los 33 d\u00edas para que se lleve a cabo \n<br>la elecci\u00f3n hist\u00f3rica, las preferencias de la \n<br>ciudadan\u00eda cada vez son m\u00e1s claras perfil\u00e1ndose \n<br>el triunfo de las y los candidatos de \u201cSigamos Haciendo Historia\u201d. \n<br>\n<br>Ya son 60 d\u00edas de una amplia campa\u00f1a territorial que encabeza Sa\u00fal Monreal \u00c1vila, candidato al Senado de la Rep\u00fablica por Zacatecas. La campa\u00f1a territorial tom\u00f3 rumbo por la carretera federal 54 para desviarse al camino de Chupaderos y arribar a Chaparrosa, despu\u00e9s a la comunidad de Ba\u00f1\u00f3n; las comunidades m\u00e1s pobladas del municipio de Villa de Cos, donde present\u00f3 sus propuestas en materia social, como son los programas sociales y las inquietudes regionales de la gente: pozos, subsidios, forrajes y carreteras.\n<br>\n<br>En los planteamientos generales, el candidato Sa\u00fal coment\u00f3 que solamente queda un tercio de campa\u00f1a y que es necesario que haya un verdadero compromiso con las y los candidatos federales y locales para que contin\u00faen los proyectos sociales como son las becas para la gente en condici\u00f3n de vulnerabilidad: \u201cHabr\u00e1 m\u00e1s apoyos sociales para mujeres, se ha dicho muchas veces, as\u00ed como para personas con discapacidad. Las becas se ampliar\u00e1n universalmente para las ni\u00f1as y ni\u00f1os que est\u00e1n en la escuela. De educaci\u00f3n superior y media superior bajaremos los apoyos econ\u00f3micos a educaci\u00f3n b\u00e1sica\u201d.\n<br>\n<br>En Chaparrosa, hubo planteamientos con los locales respecto al campo, que es el nicho econ\u00f3mico de la regi\u00f3n. Monreal \u00c1vila dijo que estar\u00e1 atento a los requerimientos: \u201cYa lo platicamos con el gobernador David, la lluvia bendita a\u00fan no la vemos y la necesitamos. Vamos por una estrategia para un programa forrajero, semillero e incluso de la tecnificaci\u00f3n del campo, pero ese es un proyecto de largo alcance\u201d.\n<br>\n<br>Sa\u00fal Monreal dijo que, de estar en el Senado, har\u00e1 el fuerte compromiso con los productores y propietarios de los pozos, ya que la situaci\u00f3n es complicada, pues los t\u00edtulos de propiedad est\u00e1n vencidos y los cobros por el uso de la energ\u00eda el\u00e9ctrica han aumentado, despu\u00e9s de que los primeros propietarios fallecieron manteni\u00e9ndose constantes las cuotas. \u201cEstar\u00e9 dispuesto a continuar el di\u00e1logo con la gente que encabeza dichos planteamientos, a gestionar y recibir a las comitivas que hacen requerimientos en torno a las necesidades y cobros para buscar una alternativa viable\u201d.\n<br>\n<br>GANAR CON VOTOS Y HONESTIDAD\n<br>\u201cAqu\u00ed est\u00e1 el senador El\u00ed, vamos a escuchar y atenderemos, le comentaremos al senador Ricardo Monreal tambi\u00e9n; debemos apoyar a Jorgito, a nuestros candidatos y tener una l\u00ednea para ayudarles a nuestros productores zacatecanos y a ustedes de aqu\u00ed de Villa de Cos\u201d, coment\u00f3 el candidato Monreal, estableciendo el compromiso con los productores de pozo de riego.\n<br>\n<br>El\u00ed Cervantes agradeci\u00f3 la menci\u00f3n y el compromiso asumido, as\u00ed como el tiempo de la gente que asisti\u00f3 a los m\u00edtines en Chaparrosa y en Ba\u00f1\u00f3n, \u201cen M\u00e9xico, existe una batalla entre dos proyectos, el conservador, el que privatiz\u00f3 al campo, el del abandono del pueblo y est\u00e1 el otro, el de la transformaci\u00f3n; el humanista que encabeza la doctora Claudia Sheinbaum. Sa\u00fal se anda encargando de platicar con la gente, aunque vamos bien, no nos debemos confiar\u201d.\n<br>\n<br>\u201cEn el proyecto de la Cuarta Transformaci\u00f3n se le est\u00e1 apostando al cambio, al pueblo de M\u00e9xico. Yo me atrevo a meter las manos por Sa\u00fal Monreal que ha hecho una campa\u00f1a real de tierra donde vamos a jalar parejo. Si bien sabemos que Sa\u00fal ser\u00e1 el ganador, les invito a que sigamos acompa\u00f1\u00e1ndole otros seis a\u00f1os como representante popular\u201d.\n<br>\n<br>Jorgito Mart\u00ednez, candidato a la presidencia de Villa de Cos y la candidata a s\u00edndico Jazm\u00edn Pinales, platicaron lo que traen en mente las y los candidatos de MORENA. Lo principal es que nos tengan confianza, que nos apoyen para que llegado el momento nos apoyen para que lleguemos a Chaparrosa. Estamos seguros de que les podremos ayudar si estamos all\u00ed, estar con nuestra candidata Claudia, senadores, diputados y un servidor como presidente municipal. No echen en saco roto esta posibilidad\u201d.\n<br>\n<br>VILLA DE COS SIN DUDA CON SA\u00daL\n<br>Mart\u00edn Guajardo expres\u00f3 su agradecimiento por responder al llamado, \u201cdecirles que en Villa de Cos, vamos a votar por Sa\u00fal Monreal porque reconocemos su labor desde el municipio de Fresnillo\u201d. Conrado, campesino de Guadalupe, hizo tres peticiones muy importantes para la regi\u00f3n, \u201ctenemos problemas con los pozos, concesiones, cuotas energ\u00e9ticas, queremos que nos ayude porque sabemos que ser\u00e1 usted senador y tambi\u00e9n el apoyo ser\u00e1 de aqu\u00ed para all\u00e1\u201d.\n<br>\n<br>Asimismo, mencion\u00f3 que en Chaparrosa, la gente tiene mucho trabajo, \u201cest\u00e1 a expensas de su jornada laboral, por eso est\u00e1n llegando a la reuni\u00f3n en apoyo a nuestro amigo Sa\u00fal Monreal\u201d. En cambio, el se\u00f1or Juan Carlos, en representaci\u00f3n del Comit\u00e9 de propietarios de pozo de riego, expres\u00f3 el sentir de la asociaci\u00f3n, as\u00ed como su compromiso con Sa\u00fal y los candidatos de MORENA: \u201cHacemos el compromiso con usted para que nos ayude\u201d.\n<br>\n<br>En Ba\u00f1\u00f3n, el ciudadano Alejandro S\u00e1nchez mencion\u00f3 que hay equipo desde hace a\u00f1os, \u201clo recibimos con los brazos abiertos y no les vamos a fallar\u201d; Romeo, por su parte, expres\u00f3 que se requieren ver los resultados, \u201cpor eso necesitamos que se pongan a la par con el 5 de 5 con Jorgito Mart\u00ednez y con Sa\u00fal Monreal\u201d.\n<br>\n<br>En el estrado estuvieron presentes representantes ejidales, productores campesinos, comisariados y ciudadan\u00eda comprometida con Sa\u00fal Monreal \u00c1vila para que llegue al Senado y \u00a1Sigamos Haciendo Historia!\n<br><\/p>\n\n\n\n<figure class=\"wp-block-image size-large\"><img loading=\"lazy\" decoding=\"async\" width=\"1024\" height=\"682\" src=\"http:\/\/web-zac.com\/wp-content\/uploads\/2024\/04\/img-20240429-wa02072845405962335832240-1024x682.jpg\" alt=\"\" class=\"wp-image-19103\" srcset=\"http:\/\/web-zac.com\/wp-content\/uploads\/2024\/04\/img-20240429-wa02072845405962335832240-1024x682.jpg 1024w, http:\/\/web-zac.com\/wp-content\/uploads\/2024\/04\/img-20240429-wa02072845405962335832240-300x200.jpg 300w, http:\/\/web-zac.com\/wp-content\/uploads\/2024\/04\/img-20240429-wa02072845405962335832240-768x512.jpg 768w, http:\/\/web-zac.com\/wp-content\/uploads\/2024\/04\/img-20240429-wa02072845405962335832240-1536x1023.jpg 1536w, http:\/\/web-zac.com\/wp-content\/uploads\/2024\/04\/img-20240429-wa02072845405962335832240-1200x800.jpg 1200w, http:\/\/web-zac.com\/wp-content\/uploads\/2024\/04\/img-20240429-wa02072845405962335832240.jpg 1600w\" sizes=\"auto, (max-width: 1024px) 100vw, 1024px\" \/><\/figure>\n","protected":false},"excerpt":{"rendered":"<p>* A los 33 d\u00edas para que se lleve a cabo la elecci\u00f3n hist\u00f3rica, las preferencias de la ciudadan\u00eda cada vez son m\u00e1s claras perfil\u00e1ndose el triunfo de las y los candidatos de \u201cSigamos Haciendo Historia\u201d. Ya son 60 d\u00edas de una amplia campa\u00f1a territorial que encabeza Sa\u00fal Monreal \u00c1vila, candidato al Senado de la [&hellip;]<\/p>\n","protected":false},"author":3,"featured_media":19103,"comment_status":"open","ping_status":"open","sticky":false,"template":"","format":"standard","meta":{"footnotes":""},"categories":[3],"tags":[],"class_list":["post-19104","post","type-post","status-publish","format-standard","has-post-thumbnail","hentry","category-webpolitica"],"jetpack_featured_media_url":"http:\/\/web-zac.com\/wp-content\/uploads\/2024\/04\/img-20240429-wa02072845405962335832240.jpg","_links":{"self":[{"href":"http:\/\/web-zac.com\/index.php?rest_route=\/wp\/v2\/posts\/19104","targetHints":{"allow":["GET"]}}],"collection":[{"href":"http:\/\/web-zac.com\/index.php?rest_route=\/wp\/v2\/posts"}],"about":[{"href":"http:\/\/web-zac.com\/index.php?rest_route=\/wp\/v2\/types\/post"}],"author":[{"embeddable":true,"href":"http:\/\/web-zac.com\/index.php?rest_route=\/wp\/v2\/users\/3"}],"replies":[{"embeddable":true,"href":"http:\/\/web-zac.com\/index.php?rest_route=%2Fwp%2Fv2%2Fcomments&post=19104"}],"version-history":[{"count":1,"href":"http:\/\/web-zac.com\/index.php?rest_route=\/wp\/v2\/posts\/19104\/revisions"}],"predecessor-version":[{"id":19105,"href":"http:\/\/web-zac.com\/index.php?rest_route=\/wp\/v2\/posts\/19104\/revisions\/19105"}],"wp:featuredmedia":[{"embeddable":true,"href":"http:\/\/web-zac.com\/index.php?rest_route=\/wp\/v2\/media\/19103"}],"wp:attachment":[{"href":"http:\/\/web-zac.com\/index.php?rest_route=%2Fwp%2Fv2%2Fmedia&parent=19104"}],"wp:term":[{"taxonomy":"category","embeddable":true,"href":"http:\/\/web-zac.com\/index.php?rest_route=%2Fwp%2Fv2%2Fcategories&post=19104"},{"taxonomy":"post_tag","embeddable":true,"href":"http:\/\/web-zac.com\/index.php?rest_route=%2Fwp%2Fv2%2Ftags&post=19104"}],"curies":[{"name":"wp","href":"https:\/\/api.w.org\/{rel}","templated":true}]}}