{"id":19085,"date":"2024-04-30T17:09:32","date_gmt":"2024-04-30T22:09:32","guid":{"rendered":"http:\/\/web-zac.com\/?p=19085"},"modified":"2024-04-30T17:09:49","modified_gmt":"2024-04-30T22:09:49","slug":"firma-pepe-saldivar-pacto-por-la-primera-infancia","status":"publish","type":"post","link":"http:\/\/web-zac.com\/?p=19085","title":{"rendered":"Firma Pepe Sald\u00edvar Pacto por la primera infancia"},"content":{"rendered":"\n<p><br><br>Esta ma\u00f1ana, en conferencia de prensa, Pepe Sald\u00edvar firm\u00f3 el Pacto por la primera infancia, reafirmando as\u00ed el compromiso que tiene de procurar el bienestar con todos los sectores de la poblaci\u00f3n, incluidas por supuesto, las infancias. <br><br>En su mensaje, el candidato a la Presidencia Municipal por la coalici\u00f3n \u2018Sigamos haciendo historia\u2019 puntualiz\u00f3 que las ni\u00f1as y los ni\u00f1os no s\u00f3lo de Guadalupe, sino de todo el pa\u00eds, merecen disfrutar de una infancia plena y feliz, para lo cual las autoridades deben poner su granito de arena, y de eso se trata esta firma, \u201cde priorizar pol\u00edticas p\u00fablicas para el bienestar de los ni\u00f1os y ni\u00f1as guadalupenses en nuestro pr\u00f3ximo gobierno\u201d.<br><br>Asimismo, hizo un llamado a hacer del desarrollo integral de la primera infancia una prioridad mediante el impulso colectivo de pol\u00edticas p\u00fablicas en las que exista la participaci\u00f3n del gobierno, la sociedad, asociaciones civiles e iniciativa privada.<br><br>El candidato por Morena y Partido Verde Ecologista de M\u00e9xico, se mostr\u00f3 entusiasmado por esta iniciativa, a la cual calific\u00f3 como necesaria para contribuir con el pleno desarrollo f\u00edsico, emocional e intelectual de las ni\u00f1as y ni\u00f1os \u00abporque ellos no s\u00f3lo son el futuro de M\u00e9xico, son el presente de nuestro pa\u00eds y de nuestro Guadalupe\u00bb.<br><br>En la firma de este pacto, acompa\u00f1aron a Pepe Sald\u00edvar, su esposa Paulina Hern\u00e1ndez Ter\u00e1n y Dulce Romero, representante de la iniciativa Pacto por la primera infancia en Zacatecas.<br><br>__o__<\/p>\n\n\n\n<figure class=\"wp-block-image size-large\"><img loading=\"lazy\" decoding=\"async\" width=\"1024\" height=\"712\" src=\"http:\/\/web-zac.com\/wp-content\/uploads\/2024\/04\/img-20240430-wa01365803551373536837202-1024x712.jpg\" alt=\"\" class=\"wp-image-19084\" srcset=\"http:\/\/web-zac.com\/wp-content\/uploads\/2024\/04\/img-20240430-wa01365803551373536837202-1024x712.jpg 1024w, http:\/\/web-zac.com\/wp-content\/uploads\/2024\/04\/img-20240430-wa01365803551373536837202-300x209.jpg 300w, http:\/\/web-zac.com\/wp-content\/uploads\/2024\/04\/img-20240430-wa01365803551373536837202-768x534.jpg 768w, http:\/\/web-zac.com\/wp-content\/uploads\/2024\/04\/img-20240430-wa01365803551373536837202-1536x1068.jpg 1536w, http:\/\/web-zac.com\/wp-content\/uploads\/2024\/04\/img-20240430-wa01365803551373536837202-1200x834.jpg 1200w, http:\/\/web-zac.com\/wp-content\/uploads\/2024\/04\/img-20240430-wa01365803551373536837202.jpg 1600w\" sizes=\"auto, (max-width: 1024px) 100vw, 1024px\" \/><\/figure>\n","protected":false},"excerpt":{"rendered":"<p>Esta ma\u00f1ana, en conferencia de prensa, Pepe Sald\u00edvar firm\u00f3 el Pacto por la primera infancia, reafirmando as\u00ed el compromiso que tiene de procurar el bienestar con todos los sectores de la poblaci\u00f3n, incluidas por supuesto, las infancias. En su mensaje, el candidato a la Presidencia Municipal por la coalici\u00f3n \u2018Sigamos haciendo historia\u2019 puntualiz\u00f3 que las [&hellip;]<\/p>\n","protected":false},"author":3,"featured_media":19084,"comment_status":"open","ping_status":"open","sticky":false,"template":"","format":"standard","meta":{"footnotes":""},"categories":[3],"tags":[],"class_list":["post-19085","post","type-post","status-publish","format-standard","has-post-thumbnail","hentry","category-webpolitica"],"jetpack_featured_media_url":"http:\/\/web-zac.com\/wp-content\/uploads\/2024\/04\/img-20240430-wa01365803551373536837202.jpg","_links":{"self":[{"href":"http:\/\/web-zac.com\/index.php?rest_route=\/wp\/v2\/posts\/19085","targetHints":{"allow":["GET"]}}],"collection":[{"href":"http:\/\/web-zac.com\/index.php?rest_route=\/wp\/v2\/posts"}],"about":[{"href":"http:\/\/web-zac.com\/index.php?rest_route=\/wp\/v2\/types\/post"}],"author":[{"embeddable":true,"href":"http:\/\/web-zac.com\/index.php?rest_route=\/wp\/v2\/users\/3"}],"replies":[{"embeddable":true,"href":"http:\/\/web-zac.com\/index.php?rest_route=%2Fwp%2Fv2%2Fcomments&post=19085"}],"version-history":[{"count":1,"href":"http:\/\/web-zac.com\/index.php?rest_route=\/wp\/v2\/posts\/19085\/revisions"}],"predecessor-version":[{"id":19086,"href":"http:\/\/web-zac.com\/index.php?rest_route=\/wp\/v2\/posts\/19085\/revisions\/19086"}],"wp:featuredmedia":[{"embeddable":true,"href":"http:\/\/web-zac.com\/index.php?rest_route=\/wp\/v2\/media\/19084"}],"wp:attachment":[{"href":"http:\/\/web-zac.com\/index.php?rest_route=%2Fwp%2Fv2%2Fmedia&parent=19085"}],"wp:term":[{"taxonomy":"category","embeddable":true,"href":"http:\/\/web-zac.com\/index.php?rest_route=%2Fwp%2Fv2%2Fcategories&post=19085"},{"taxonomy":"post_tag","embeddable":true,"href":"http:\/\/web-zac.com\/index.php?rest_route=%2Fwp%2Fv2%2Ftags&post=19085"}],"curies":[{"name":"wp","href":"https:\/\/api.w.org\/{rel}","templated":true}]}}